{"id":965,"date":"2017-10-18T14:13:48","date_gmt":"2017-10-18T13:13:48","guid":{"rendered":"https:\/\/swissmig.wordpress.com\/?p=965"},"modified":"2017-10-18T14:13:48","modified_gmt":"2017-10-18T13:13:48","slug":"immigration-securite-et-comportement-electoral-les-europeens-face-aux-crises-economique-migratoire-et-securitaire","status":"publish","type":"post","link":"https:\/\/swissmig.unine.ch\/?p=965","title":{"rendered":"Immigration, s\u00e9curit\u00e9 et  comportement \u00e9lectoral : les Europ\u00e9ens face aux crises  \u00e9conomique, migratoire et s\u00e9curitaire"},"content":{"rendered":"<h3>Author(s) : Maxime Filliau, Aziz Haltiti, Anna Herczeg, Loeva La Ragione &#8230; [et al.]<\/h3>\n<h3>Source : <a href=\"https:\/\/www.unil.ch\/iephi\/files\/live\/sites\/iephi\/files\/publications\/TSP\/Cahier%20IEPHI%20n.%2066%20(Marquis%20et%20al.).pdf\" target=\"_blank\" rel=\"noopener\">https:\/\/www.unil.ch\/iephi\/files\/live\/sites\/iephi\/files\/publications\/TSP\/Cahier%20IEPHI%20n.%2066%20(Marquis%20et%20al.).pdf<\/a><\/h3>\n<p><strong>Abstract: <\/strong><!--more--><\/p>\n<blockquote>\n<div>Ce Cahier s\u2019interroge sur les comportements politiques dans le contexte de \u00ab crise \u00bb (\u00e9conomique, migratoire et s\u00e9curitaire) que traverse le continent europ\u00e9en depuis plusieurs ann\u00e9es. Apr\u00e8s une introduction g\u00e9n\u00e9rale retra\u00e7ant les origines et les d\u00e9veloppements de ces crises multiples, les diff\u00e9rents chapitres se focalisent sur quatre probl\u00e9matiques plus sp\u00e9cifiques : (1) l\u2019influence des clivages traditionnels sur les attitudes et le vote des citoyens ; (2) le r\u00f4le des valeurs dans la structuration des attitudes sur l\u2019immigration et la s\u00e9curit\u00e9 ; (3) les attitudes et les comportements des citoyens issus de l\u2019immigration ; (4) l\u2019influence des attitudes en mati\u00e8re d\u2019immigration et de s\u00e9curit\u00e9 sur la participation \u00e9lectorale et les autres formes de participation politique. L\u2019\u00e9tude se penche sur trois pays europ\u00e9ens (la France, la Suisse et la Su\u00e8de) et analyse les donn\u00e9es issues de la vague 2014-2015 de l\u2019enqu\u00eate<\/div>\n<div>European Social Survey. Dans l\u2019ensemble, les r\u00e9sultats d\u00e9montrent l\u2019importance primordiale acquise par la th\u00e9matique de l\u2019immigration dans la structuration des pr\u00e9f\u00e9rences politiques en Europe.<\/div>\n<div><\/div>\n<div>Mots-clefs : Europe \u2012 Immigration \u2012 S\u00e9curit\u00e9 \u2012 Populisme \u2012 Comportements politiques<\/div>\n<div><\/div>\n<div><strong>Abstract<\/strong><\/div>\n<div><\/div>\n<div>This Working Paper deals with the question of political behavior in the wake of the economic, immigration and security crises that have been developing in Europe for several years. After a general introduction on the origins and unfolding of these crises, the next chapters focus on four specific issues: (1) the influence of traditional cleavages on citizens\u2019 political attitudes and voting choices; (2) the role of values as determinants of immigration and security attitudes; (3) the political attitudes and behavior of citizens with an immigration background; (4) the influence of immigration and security attitudes on voting turnout and other forms of political participation. Our study draws on the situation of three European countries (France, Switzerland, and Sweden) as documented by the 2014-2015 wave of the European Social Survey. Overall, our empirical results point out the key relevance of the immigration issue for understanding political preferences in contemporary Europe.<\/div>\n<div><\/div>\n<div>Keywords : Europe \u2012 Immigration \u2013 Security \u2012 Populism \u2012 Political behavior<\/div>\n<div><\/div>\n<\/blockquote>\n<p>&nbsp;<\/p>\n","protected":false},"excerpt":{"rendered":"<p>Author(s) : Maxime Filliau, Aziz Haltiti, Anna Herczeg, Loeva La&#8230;<\/p>\n","protected":false},"author":4,"featured_media":0,"comment_status":"open","ping_status":"open","sticky":false,"template":"","format":"standard","meta":{"_kadence_starter_templates_imported_post":false,"_kad_post_transparent":"","_kad_post_title":"","_kad_post_layout":"","_kad_post_sidebar_id":"","_kad_post_content_style":"","_kad_post_vertical_padding":"","_kad_post_feature":"","_kad_post_feature_position":"","_kad_post_header":false,"_kad_post_footer":false,"_kad_post_classname":"","jetpack_post_was_ever_published":false,"_jetpack_newsletter_access":"","_jetpack_dont_email_post_to_subs":false,"_jetpack_newsletter_tier_id":0,"_jetpack_memberships_contains_paywalled_content":false,"_jetpack_memberships_contains_paid_content":false,"footnotes":""},"categories":[12],"tags":[14,37,58,197,52,98,11,95,249,212,244,96],"class_list":["post-965","post","type-post","status-publish","format-standard","hentry","category-politics","tag-14","tag-attitudes-towards-migrants","tag-europe","tag-france","tag-french-language","tag-immigration-policy","tag-political-parties","tag-populism","tag-report","tag-security","tag-sweden","tag-voting-behaviour"],"jetpack_featured_media_url":"","jetpack_sharing_enabled":true,"_links":{"self":[{"href":"https:\/\/swissmig.unine.ch\/index.php?rest_route=\/wp\/v2\/posts\/965","targetHints":{"allow":["GET"]}}],"collection":[{"href":"https:\/\/swissmig.unine.ch\/index.php?rest_route=\/wp\/v2\/posts"}],"about":[{"href":"https:\/\/swissmig.unine.ch\/index.php?rest_route=\/wp\/v2\/types\/post"}],"author":[{"embeddable":true,"href":"https:\/\/swissmig.unine.ch\/index.php?rest_route=\/wp\/v2\/users\/4"}],"replies":[{"embeddable":true,"href":"https:\/\/swissmig.unine.ch\/index.php?rest_route=%2Fwp%2Fv2%2Fcomments&post=965"}],"version-history":[{"count":0,"href":"https:\/\/swissmig.unine.ch\/index.php?rest_route=\/wp\/v2\/posts\/965\/revisions"}],"wp:attachment":[{"href":"https:\/\/swissmig.unine.ch\/index.php?rest_route=%2Fwp%2Fv2%2Fmedia&parent=965"}],"wp:term":[{"taxonomy":"category","embeddable":true,"href":"https:\/\/swissmig.unine.ch\/index.php?rest_route=%2Fwp%2Fv2%2Fcategories&post=965"},{"taxonomy":"post_tag","embeddable":true,"href":"https:\/\/swissmig.unine.ch\/index.php?rest_route=%2Fwp%2Fv2%2Ftags&post=965"}],"curies":[{"name":"wp","href":"https:\/\/api.w.org\/{rel}","templated":true}]}}