{"id":9085,"date":"2020-08-17T08:00:49","date_gmt":"2020-08-17T07:00:49","guid":{"rendered":"https:\/\/swissmig.wordpress.com\/?p=9085"},"modified":"2020-08-17T08:00:49","modified_gmt":"2020-08-17T07:00:49","slug":"die-raumliche-verteilung-der-auslandischen-bevolkerung-in-der-schweiz","status":"publish","type":"post","link":"https:\/\/swissmig.unine.ch\/?p=9085","title":{"rendered":"Die r\u00e4umliche Verteilung der ausl\u00e4ndischen Bev\u00f6lkerung in der Schweiz"},"content":{"rendered":"<h3>Author(s) : Jonathan Zufferey, Philippe Wanner<\/h3>\n<h3>Source : <a href=\"http:\/\/doi.org\/10.22019\/SC-2020-00004\" target=\"_blank\" rel=\"noopener\">http:\/\/doi.org\/10.22019\/SC-2020-00004<\/a><\/h3>\n<p><strong>Abstract: <\/strong><!--more--><\/p>\n<blockquote>\n<div class=\"hlFld-Abstract\">\n<div class=\"abstractSection abstractInFull\">\n<p>&#8220;Die Debatte \u00fcber die r\u00e4umliche Ansiedlung der ausl\u00e4ndischen Bev\u00f6lkerung steht in der Schweiz noch ganz am Anfang, auch wenn der Ausl\u00e4nderanteil stetig zunimmt und bisweilen der Verdacht der Diskriminierung auf dem Wohnungsmarkt ge\u00e4ussert wird. Auf der Grundlage eines Segregationsindexes tr\u00e4gt dieser Artikel zu dieser Debatte bei, da er f\u00fcr ausl\u00e4ndische Bev\u00f6lkerungsgruppen aus Frankreich, Portugal und Nordamerika, einen hohen Konzentrationsgrad in der gesamten Schweiz aufzeigt. Auf kantonaler Ebene nimmt die Konzentration der zugezogenen Bev\u00f6lkerung aus Frankreich und Portugal ab, w\u00e4hrend sie bei der Bev\u00f6lkerung aus Nordamerika und der T\u00fcrkei hoch bleibt. Das Wallis und Bern sind die Kantone, in denen die Segregation am gr\u00f6ssten ist. Die Ergebnisse deuten darauf hin, dass die r\u00e4umliche Segregation nicht nur die prek\u00e4rsten Bev\u00f6lkerungsgruppen betrifft, sondern auch die einkommensst\u00e4rksten.<br \/>\nDiese Studie wurde vom Nationalen Forschungszentrum nccr \u2013 on the move unterst\u00fctzt und vom Schweizerischen Nationalfonds zur F\u00f6rderung der wissenschaftlichen Forschung finanziert.&#8221;<\/p>\n<\/div>\n<\/div>\n<\/blockquote>\n","protected":false},"excerpt":{"rendered":"<p>Author(s) : Jonathan Zufferey, Philippe Wanner Source : http:\/\/doi.org\/10.22019\/SC-2020-00004 Abstract:<\/p>\n","protected":false},"author":4,"featured_media":0,"comment_status":"open","ping_status":"open","sticky":false,"template":"","format":"standard","meta":{"_kadence_starter_templates_imported_post":false,"_kad_post_transparent":"","_kad_post_title":"","_kad_post_layout":"","_kad_post_sidebar_id":"","_kad_post_content_style":"","_kad_post_vertical_padding":"","_kad_post_feature":"","_kad_post_feature_position":"","_kad_post_header":false,"_kad_post_footer":false,"_kad_post_classname":"","jetpack_post_was_ever_published":false,"_jetpack_newsletter_access":"","_jetpack_dont_email_post_to_subs":false,"_jetpack_newsletter_tier_id":0,"_jetpack_memberships_contains_paywalled_content":false,"_jetpack_memberships_contains_paid_content":false,"footnotes":""},"categories":[277],"tags":[654,7,273,57,120,146,28,197,108,73,325,447,140,658,578,143,182],"class_list":["post-9085","post","type-post","status-publish","format-standard","hentry","category-demography-statistics","tag-654","tag-article","tag-cantons","tag-comparative-analysis","tag-data-analysis","tag-discrimination","tag-foreigners","tag-france","tag-geography","tag-german-language","tag-methodology","tag-north-america","tag-portuguese","tag-snsf","tag-spatial-inequalities","tag-statistical-data","tag-turks"],"jetpack_featured_media_url":"","jetpack_sharing_enabled":true,"_links":{"self":[{"href":"https:\/\/swissmig.unine.ch\/index.php?rest_route=\/wp\/v2\/posts\/9085","targetHints":{"allow":["GET"]}}],"collection":[{"href":"https:\/\/swissmig.unine.ch\/index.php?rest_route=\/wp\/v2\/posts"}],"about":[{"href":"https:\/\/swissmig.unine.ch\/index.php?rest_route=\/wp\/v2\/types\/post"}],"author":[{"embeddable":true,"href":"https:\/\/swissmig.unine.ch\/index.php?rest_route=\/wp\/v2\/users\/4"}],"replies":[{"embeddable":true,"href":"https:\/\/swissmig.unine.ch\/index.php?rest_route=%2Fwp%2Fv2%2Fcomments&post=9085"}],"version-history":[{"count":0,"href":"https:\/\/swissmig.unine.ch\/index.php?rest_route=\/wp\/v2\/posts\/9085\/revisions"}],"wp:attachment":[{"href":"https:\/\/swissmig.unine.ch\/index.php?rest_route=%2Fwp%2Fv2%2Fmedia&parent=9085"}],"wp:term":[{"taxonomy":"category","embeddable":true,"href":"https:\/\/swissmig.unine.ch\/index.php?rest_route=%2Fwp%2Fv2%2Fcategories&post=9085"},{"taxonomy":"post_tag","embeddable":true,"href":"https:\/\/swissmig.unine.ch\/index.php?rest_route=%2Fwp%2Fv2%2Ftags&post=9085"}],"curies":[{"name":"wp","href":"https:\/\/api.w.org\/{rel}","templated":true}]}}