{"id":9081,"date":"2020-08-17T08:00:21","date_gmt":"2020-08-17T07:00:21","guid":{"rendered":"https:\/\/swissmig.wordpress.com\/?p=9081"},"modified":"2020-08-17T08:00:21","modified_gmt":"2020-08-17T07:00:21","slug":"la-distribution-spatiale-de-la-population-etrangere-en-suisse","status":"publish","type":"post","link":"https:\/\/swissmig.unine.ch\/?p=9081","title":{"rendered":"La distribution spatiale de la population \u00e9trang\u00e8re en Suisse"},"content":{"rendered":"<h3>Author(s) : Jonathan Zufferey, Philippe Wanner<\/h3>\n<h3>Source : <a href=\"http:\/\/doi.org\/10.22019\/SC-2020-00003\" target=\"_blank\" rel=\"noopener\">http:\/\/doi.org\/10.22019\/SC-2020-00003<\/a><\/h3>\n<p><strong>Abstract: <\/strong><!--more--><\/p>\n<blockquote>\n<div class=\"hlFld-Abstract\">\n<div class=\"abstractSection abstractInFull\">\n<p>&#8220;Le d\u00e9bat sur la localisation spatiale des populations \u00e9trang\u00e8res reste au stade embryonnaire en Suisse, ceci m\u00eame si la proportion d\u2019\u00e9trangers augmente r\u00e9guli\u00e8rement et si des soup\u00e7ons de discrimination sur le march\u00e9 du logement sont parfois \u00e9voqu\u00e9s. A partir d\u2019un indice de s\u00e9gr\u00e9gation, cet article alimente ce d\u00e9bat en montrant des niveaux de concentration \u00e9lev\u00e9s, \u00e0 l\u2019\u00e9chelle de l\u2019ensemble de la Suisse, pour certaines communaut\u00e9s \u00e9trang\u00e8res, tels les Fran\u00e7ais, les Portugais et les Nord-Am\u00e9ricains. A l\u2019\u00e9chelle cantonale, la concentration diminue pour les Fran\u00e7ais et Portugais, mais reste forte pour les Nord-Am\u00e9ricains, ainsi que pour les Turcs. Le Valais et Berne sont les cantons o\u00f9 la s\u00e9gr\u00e9gation est la plus importante. Les r\u00e9sultats sugg\u00e8rent que la s\u00e9gr\u00e9gation spatiale ne concerne pas que les communaut\u00e9s les plus pr\u00e9caires, mais aussi celles pr\u00e9sentant les revenus les plus \u00e9lev\u00e9s.<br \/>\nCette recherch\u00e9 a \u00e9t\u00e9 soutenue par le Centre National de Recherche nccr \u2013 on the move financ\u00e9 par le Fonds National Suisse pour la Recherche Scientifique.&#8221;<\/p>\n<\/div>\n<\/div>\n<\/blockquote>\n","protected":false},"excerpt":{"rendered":"<p>Author(s) : Jonathan Zufferey, Philippe Wanner Source : http:\/\/doi.org\/10.22019\/SC-2020-00003 Abstract:<\/p>\n","protected":false},"author":4,"featured_media":0,"comment_status":"open","ping_status":"open","sticky":false,"template":"","format":"standard","meta":{"_kadence_starter_templates_imported_post":false,"_kad_post_transparent":"","_kad_post_title":"","_kad_post_layout":"","_kad_post_sidebar_id":"","_kad_post_content_style":"","_kad_post_vertical_padding":"","_kad_post_feature":"","_kad_post_feature_position":"","_kad_post_header":false,"_kad_post_footer":false,"_kad_post_classname":"","jetpack_post_was_ever_published":false,"_jetpack_newsletter_access":"","_jetpack_dont_email_post_to_subs":false,"_jetpack_newsletter_tier_id":0,"_jetpack_memberships_contains_paywalled_content":false,"_jetpack_memberships_contains_paid_content":false,"footnotes":""},"categories":[277],"tags":[654,7,273,57,120,146,28,197,52,108,325,447,140,658,578,143,182],"class_list":["post-9081","post","type-post","status-publish","format-standard","hentry","category-demography-statistics","tag-654","tag-article","tag-cantons","tag-comparative-analysis","tag-data-analysis","tag-discrimination","tag-foreigners","tag-france","tag-french-language","tag-geography","tag-methodology","tag-north-america","tag-portuguese","tag-snsf","tag-spatial-inequalities","tag-statistical-data","tag-turks"],"jetpack_featured_media_url":"","jetpack_sharing_enabled":true,"_links":{"self":[{"href":"https:\/\/swissmig.unine.ch\/index.php?rest_route=\/wp\/v2\/posts\/9081","targetHints":{"allow":["GET"]}}],"collection":[{"href":"https:\/\/swissmig.unine.ch\/index.php?rest_route=\/wp\/v2\/posts"}],"about":[{"href":"https:\/\/swissmig.unine.ch\/index.php?rest_route=\/wp\/v2\/types\/post"}],"author":[{"embeddable":true,"href":"https:\/\/swissmig.unine.ch\/index.php?rest_route=\/wp\/v2\/users\/4"}],"replies":[{"embeddable":true,"href":"https:\/\/swissmig.unine.ch\/index.php?rest_route=%2Fwp%2Fv2%2Fcomments&post=9081"}],"version-history":[{"count":0,"href":"https:\/\/swissmig.unine.ch\/index.php?rest_route=\/wp\/v2\/posts\/9081\/revisions"}],"wp:attachment":[{"href":"https:\/\/swissmig.unine.ch\/index.php?rest_route=%2Fwp%2Fv2%2Fmedia&parent=9081"}],"wp:term":[{"taxonomy":"category","embeddable":true,"href":"https:\/\/swissmig.unine.ch\/index.php?rest_route=%2Fwp%2Fv2%2Fcategories&post=9081"},{"taxonomy":"post_tag","embeddable":true,"href":"https:\/\/swissmig.unine.ch\/index.php?rest_route=%2Fwp%2Fv2%2Ftags&post=9081"}],"curies":[{"name":"wp","href":"https:\/\/api.w.org\/{rel}","templated":true}]}}