{"id":879,"date":"2017-10-17T12:21:49","date_gmt":"2017-10-17T11:21:49","guid":{"rendered":"https:\/\/swissmig.wordpress.com\/?p=879"},"modified":"2017-10-17T12:21:49","modified_gmt":"2017-10-17T11:21:49","slug":"le-transnationalisme-en-action-le-cas-des-turcs-en-suisse","status":"publish","type":"post","link":"https:\/\/swissmig.unine.ch\/?p=879","title":{"rendered":"Le transnationalisme en action : le cas des Turcs en Suisse"},"content":{"rendered":"<h3>Author(s) : B\u00fclent Kaya, Simone Baglioni<\/h3>\n<h3>Source : <a href=\"http:\/\/remi.revues.org\/4632\" target=\"_blank\" rel=\"noopener\">http:\/\/remi.revues.org\/4632<\/a><\/h3>\n<p><strong>Abstract: <\/strong><!--more--><\/p>\n<p>Le transnationalisme a \u00e9t\u00e9 \u00e9galement nomm\u00e9 \u00ab\u00a0int\u00e9gration simultan\u00e9e (<em>simultaneous<\/em> <em>embeddedness<\/em>) dans plus d\u2019une soci\u00e9t\u00e9\u00a0\u00bb (Glick Schiller <em>et al.<\/em>, 1995). Il caract\u00e9rise d\u00e9sormais les exp\u00e9riences et la vie de presque tous les immigrants. Le quotidien des migrants oscille en permanence entre pays d\u2019origine, pays d\u2019accueil et d\u2019autres endroits o\u00f9 se trouvent des parents, des connaissances des int\u00e9r\u00eats mat\u00e9riels et symboliques. Une telle relation dynamique entre personnes et lieux g\u00e9ographiques peut \u00eatre simplement mentale, mais aussi mat\u00e9rielle. En d\u2019autres termes\u00a0: le transnationalisme peut affecter l\u2019\u00e9volution de la vie professionnelle, l\u2019engagement politique aussi bien que les activit\u00e9s socio culturelles.<\/p>\n<p>&nbsp;<\/p>\n<hr class=\"artHeader\" \/>\n<p>&nbsp;<\/p>\n","protected":false},"excerpt":{"rendered":"<p>Author(s) : B\u00fclent Kaya, Simone Baglioni Source : http:\/\/remi.revues.org\/4632 Abstract:<\/p>\n","protected":false},"author":4,"featured_media":0,"comment_status":"open","ping_status":"open","sticky":false,"template":"","format":"standard","meta":{"_kadence_starter_templates_imported_post":false,"_kad_post_transparent":"","_kad_post_title":"","_kad_post_layout":"","_kad_post_sidebar_id":"","_kad_post_content_style":"","_kad_post_vertical_padding":"","_kad_post_feature":"","_kad_post_feature_position":"","_kad_post_header":false,"_kad_post_footer":false,"_kad_post_classname":"","jetpack_post_was_ever_published":false,"_jetpack_newsletter_access":"","_jetpack_dont_email_post_to_subs":false,"_jetpack_newsletter_tier_id":0,"_jetpack_memberships_contains_paywalled_content":false,"_jetpack_memberships_contains_paid_content":false,"footnotes":""},"categories":[43],"tags":[134,7,92,151,52,87,90,91,26,182],"class_list":["post-879","post","type-post","status-publish","format-standard","hentry","category-the-migration-phenomenon","tag-134","tag-article","tag-country-of-origin","tag-cultural-identity","tag-french-language","tag-history","tag-reception-policy","tag-social-integration","tag-transnationalism","tag-turks"],"jetpack_featured_media_url":"","jetpack_sharing_enabled":true,"_links":{"self":[{"href":"https:\/\/swissmig.unine.ch\/index.php?rest_route=\/wp\/v2\/posts\/879","targetHints":{"allow":["GET"]}}],"collection":[{"href":"https:\/\/swissmig.unine.ch\/index.php?rest_route=\/wp\/v2\/posts"}],"about":[{"href":"https:\/\/swissmig.unine.ch\/index.php?rest_route=\/wp\/v2\/types\/post"}],"author":[{"embeddable":true,"href":"https:\/\/swissmig.unine.ch\/index.php?rest_route=\/wp\/v2\/users\/4"}],"replies":[{"embeddable":true,"href":"https:\/\/swissmig.unine.ch\/index.php?rest_route=%2Fwp%2Fv2%2Fcomments&post=879"}],"version-history":[{"count":0,"href":"https:\/\/swissmig.unine.ch\/index.php?rest_route=\/wp\/v2\/posts\/879\/revisions"}],"wp:attachment":[{"href":"https:\/\/swissmig.unine.ch\/index.php?rest_route=%2Fwp%2Fv2%2Fmedia&parent=879"}],"wp:term":[{"taxonomy":"category","embeddable":true,"href":"https:\/\/swissmig.unine.ch\/index.php?rest_route=%2Fwp%2Fv2%2Fcategories&post=879"},{"taxonomy":"post_tag","embeddable":true,"href":"https:\/\/swissmig.unine.ch\/index.php?rest_route=%2Fwp%2Fv2%2Ftags&post=879"}],"curies":[{"name":"wp","href":"https:\/\/api.w.org\/{rel}","templated":true}]}}