{"id":824,"date":"2017-10-10T10:44:47","date_gmt":"2017-10-10T09:44:47","guid":{"rendered":"https:\/\/swissmig.wordpress.com\/?p=824"},"modified":"2017-10-10T10:44:47","modified_gmt":"2017-10-10T09:44:47","slug":"retrouver-letre-humain-dans-les-mots-qui-disent-la-migration","status":"publish","type":"post","link":"https:\/\/swissmig.unine.ch\/?p=824","title":{"rendered":"Retrouver l&#8217;\u00eatre humain dans les mots qui disent la migration"},"content":{"rendered":"<h3>Author(s) : Cristina Del Biaggio<\/h3>\n<h3>Source : <a href=\"https:\/\/archive-ouverte.unige.ch\/unige:95175\" target=\"_blank\" rel=\"noopener\">https:\/\/archive-ouverte.unige.ch\/unige:95175<\/a><\/h3>\n<p><strong>Abstract: <\/strong><!--more--><\/p>\n<blockquote><p>Ils sont presque infinis, les mots pour qualifier les personnes en mobilit\u00e9. Je propose, \u00e0 travers ce catalogue comment\u00e9 non exhaustif, d&#8217;en passer en revue quelques-uns parmi tous ceux que nos oreilles sont contraintes \u00e0 entendre, tous les jours, inlassablement, \u00e0 travers les m\u00e9dias, ou en se promenant dans l&#8217;espace public. Les mots qui qualifient les personnes qui se trouvent dans un pays o\u00f9 elles ne sont pas n\u00e9es, nous envahissent et fa\u00e7onnent notre mani\u00e8re de concevoir le ph\u00e9nom\u00e8ne migratoire. Les mots ont donc aussi un impact, sur nos perceptions, nos repr\u00e9sentations et, in fine, sur notre mani\u00e8re de concevoir le ph\u00e9nom\u00e8ne migratoire et sur les politiques qui le r\u00e9gule.<\/p>\n<h4>Mots-cl\u00e9s<\/h4>\n<p>Mots \u2014 Terminologie \u2014 Migration \u2014 Asile \u2014 Suisse \u2014 Kosovo \u2014 Cat\u00e9gorisation<\/p><\/blockquote>\n","protected":false},"excerpt":{"rendered":"<p>Author(s) : Cristina Del Biaggio Source : https:\/\/archive-ouverte.unige.ch\/unige:95175 Abstract:<\/p>\n","protected":false},"author":4,"featured_media":0,"comment_status":"open","ping_status":"open","sticky":false,"template":"","format":"standard","meta":{"_kadence_starter_templates_imported_post":false,"_kad_post_transparent":"","_kad_post_title":"","_kad_post_layout":"","_kad_post_sidebar_id":"","_kad_post_content_style":"","_kad_post_vertical_padding":"","_kad_post_feature":"","_kad_post_feature_position":"","_kad_post_header":false,"_kad_post_footer":false,"_kad_post_classname":"","jetpack_post_was_ever_published":false,"_jetpack_newsletter_access":"","_jetpack_dont_email_post_to_subs":false,"_jetpack_newsletter_tier_id":0,"_jetpack_memberships_contains_paywalled_content":false,"_jetpack_memberships_contains_paid_content":false,"footnotes":""},"categories":[12],"tags":[48,7,50,152,52,193,65,115,316],"class_list":["post-824","post","type-post","status-publish","format-standard","hentry","category-politics","tag-48","tag-article","tag-asylum-seekers","tag-discourse","tag-french-language","tag-kosovo","tag-language","tag-mass-media","tag-terminology"],"jetpack_featured_media_url":"","jetpack_sharing_enabled":true,"_links":{"self":[{"href":"https:\/\/swissmig.unine.ch\/index.php?rest_route=\/wp\/v2\/posts\/824","targetHints":{"allow":["GET"]}}],"collection":[{"href":"https:\/\/swissmig.unine.ch\/index.php?rest_route=\/wp\/v2\/posts"}],"about":[{"href":"https:\/\/swissmig.unine.ch\/index.php?rest_route=\/wp\/v2\/types\/post"}],"author":[{"embeddable":true,"href":"https:\/\/swissmig.unine.ch\/index.php?rest_route=\/wp\/v2\/users\/4"}],"replies":[{"embeddable":true,"href":"https:\/\/swissmig.unine.ch\/index.php?rest_route=%2Fwp%2Fv2%2Fcomments&post=824"}],"version-history":[{"count":0,"href":"https:\/\/swissmig.unine.ch\/index.php?rest_route=\/wp\/v2\/posts\/824\/revisions"}],"wp:attachment":[{"href":"https:\/\/swissmig.unine.ch\/index.php?rest_route=%2Fwp%2Fv2%2Fmedia&parent=824"}],"wp:term":[{"taxonomy":"category","embeddable":true,"href":"https:\/\/swissmig.unine.ch\/index.php?rest_route=%2Fwp%2Fv2%2Fcategories&post=824"},{"taxonomy":"post_tag","embeddable":true,"href":"https:\/\/swissmig.unine.ch\/index.php?rest_route=%2Fwp%2Fv2%2Ftags&post=824"}],"curies":[{"name":"wp","href":"https:\/\/api.w.org\/{rel}","templated":true}]}}