{"id":787,"date":"2017-09-17T16:41:29","date_gmt":"2017-09-17T15:41:29","guid":{"rendered":"https:\/\/swissmig.wordpress.com\/?p=787"},"modified":"2017-09-17T16:41:29","modified_gmt":"2017-09-17T15:41:29","slug":"gehoren-wir-dazu-grenzziehungsprozesse-und-positionierungen-der-zweiten-generation-im-vergleich-zwischen-luzern-und-neuenburg","status":"publish","type":"post","link":"https:\/\/swissmig.unine.ch\/?p=787","title":{"rendered":"Geh\u00f6ren wir dazu? Grenzziehungsprozesse und Positionierungen der zweiten Generation im Vergleich zwischen Luzern und Neuenburg"},"content":{"rendered":"<h3>Author(s) : Kerstin Duemmler, Janine Dahinden<\/h3>\n<h3>Source : <a href=\"https:\/\/doi.org\/10.1515\/sjs-2016-0014\" target=\"_blank\" rel=\"noopener\">https:\/\/doi.org\/10.1515\/sjs-2016-0014<\/a><\/h3>\n<p><strong>Abstract: <\/strong><!--more--><\/p>\n<div><\/div>\n<p>Statt wie \u00fcblich die Integrationsmodi der zweiten Generation zu untersuchen, nimmt der Artikel eine andere Perspektive ein und fragt, wie sich die zweite Generation gegen\u00fcber ethno-nationalen Grenzlinien positioniert und ob sie sich als zugeh\u00f6rig betrachtet. Anhand von Interviews mit 16 bis 19-J\u00e4hrigen unterschiedlicher Herkunft aus den Kantonen Luzern und Neuenburg wird aufgedeckt, welche Positionierungen und Strategien sie angesichts von Grenzziehungen entwickeln. Der Vergleich macht insbesondere deutlich, wie die regionalen Kontexte ihre Positionierungen und Strategien kanalisieren. Unabh\u00e4ngig davon, ob sich die zweite Generation als zugeh\u00f6rig wahrnimmt, sind sie in Luzern durch Integrationsforderungen und in Neuenburg durch einen republikanischen Toleranzdiskurs gepr\u00e4gt.<\/p>\n<p>Cet article s\u2019int\u00e9resse aux sentiments d\u2019appartenance et aux positionnements des jeunes de deuxi\u00e8me g\u00e9n\u00e9ration vis-\u00e0-vis de certaines fronti\u00e8res symboliques ethno-nationales. Sur la base d\u2019entretiens men\u00e9s dans les cantons de Lucerne et Neuch\u00e2tel avec des jeunes de 16 \u00e0 19 ans d\u2019origines diff\u00e9rentes, nous mettons en lumi\u00e8re les strat\u00e9gies et les discours qu\u2019ils\/elles d\u00e9veloppent par rapport \u00e0 ces fronti\u00e8res. Nous montrons notamment comment le contexte institutionnel de chaque canton influence leurs discours et strat\u00e9gies. Ind\u00e9pendamment de leur sentiment d\u2019appartenance, les strat\u00e9gies mises en \u0153uvre par les jeunes sont marqu\u00e9es dans le canton de Lucerne par les exigences d\u2019int\u00e9gration et dans le canton de Neuch\u00e2tel par un discours r\u00e9publicain de tol\u00e9rance.<\/p>\n<p>Rather than to examine the modes of integration of the second generation as is usually done, the article chooses to ask how the second generation position themselves vis-\u00e0-vis certain ethno-national boundaries and whether they feel that they belong. Based on interviews with young people of different origins, aged from 16 to 19 years and residing in the cantons of Lucerne and Neuch\u00e2tel, we uncover their positionings and strategies when faced with boundaries. We notably show how the regional contexts influence their positions and strategies. Independently of their feelings of belonging, their strategies are strongly affected by the demands of integration in Lucerne and by a republican discourse of tolerance in Neuch\u00e2tel.<\/p>\n<p class=\"articleBody_keywords\"><span class=\"label\"><strong>Keywords<\/strong>: <\/span>Second generation; boundary strategies; belonging; integration; ethnicity<\/p>\n<p class=\"articleBody_keywords\"><span class=\"label\"><strong>Schl\u00fcsselw\u00f6rter<\/strong>: <\/span>Grenzen; Strategien; Zugeh\u00f6rigkeit; Integration; Ethnizit\u00e4t<\/p>\n<p class=\"articleBody_keywords\"><span class=\"label\"><strong>Mots-cl\u00e9s<\/strong>: <\/span>Fronti\u00e8res; strat\u00e9gies; appartenance; int\u00e9gration; ethnicit\u00e9<\/p>\n<p>&nbsp;<\/p>\n","protected":false},"excerpt":{"rendered":"<p>Author(s) : Kerstin Duemmler, Janine Dahinden Source : https:\/\/doi.org\/10.1515\/sjs-2016-0014 Abstract:<\/p>\n","protected":false},"author":4,"featured_media":0,"comment_status":"open","ping_status":"open","sticky":false,"template":"","format":"standard","meta":{"_kadence_starter_templates_imported_post":false,"_kad_post_transparent":"","_kad_post_title":"","_kad_post_layout":"","_kad_post_sidebar_id":"","_kad_post_content_style":"","_kad_post_vertical_padding":"","_kad_post_feature":"","_kad_post_feature_position":"","_kad_post_header":false,"_kad_post_footer":false,"_kad_post_classname":"","jetpack_post_was_ever_published":false,"_jetpack_newsletter_access":"","_jetpack_dont_email_post_to_subs":false,"_jetpack_newsletter_tier_id":0,"_jetpack_memberships_contains_paywalled_content":false,"_jetpack_memberships_contains_paid_content":false,"footnotes":""},"categories":[24],"tags":[14,7,281,282,57,151,259,73,283,284,145,91,118],"class_list":["post-787","post","type-post","status-publish","format-standard","hentry","category-society-family-racism","tag-14","tag-article","tag-belonging","tag-boundary-strategies","tag-comparative-analysis","tag-cultural-identity","tag-ethnicity","tag-german-language","tag-lucerne","tag-neuchatel","tag-second-generation","tag-social-integration","tag-youth"],"jetpack_featured_media_url":"","jetpack_sharing_enabled":true,"_links":{"self":[{"href":"https:\/\/swissmig.unine.ch\/index.php?rest_route=\/wp\/v2\/posts\/787","targetHints":{"allow":["GET"]}}],"collection":[{"href":"https:\/\/swissmig.unine.ch\/index.php?rest_route=\/wp\/v2\/posts"}],"about":[{"href":"https:\/\/swissmig.unine.ch\/index.php?rest_route=\/wp\/v2\/types\/post"}],"author":[{"embeddable":true,"href":"https:\/\/swissmig.unine.ch\/index.php?rest_route=\/wp\/v2\/users\/4"}],"replies":[{"embeddable":true,"href":"https:\/\/swissmig.unine.ch\/index.php?rest_route=%2Fwp%2Fv2%2Fcomments&post=787"}],"version-history":[{"count":0,"href":"https:\/\/swissmig.unine.ch\/index.php?rest_route=\/wp\/v2\/posts\/787\/revisions"}],"wp:attachment":[{"href":"https:\/\/swissmig.unine.ch\/index.php?rest_route=%2Fwp%2Fv2%2Fmedia&parent=787"}],"wp:term":[{"taxonomy":"category","embeddable":true,"href":"https:\/\/swissmig.unine.ch\/index.php?rest_route=%2Fwp%2Fv2%2Fcategories&post=787"},{"taxonomy":"post_tag","embeddable":true,"href":"https:\/\/swissmig.unine.ch\/index.php?rest_route=%2Fwp%2Fv2%2Ftags&post=787"}],"curies":[{"name":"wp","href":"https:\/\/api.w.org\/{rel}","templated":true}]}}