{"id":712,"date":"2017-09-14T09:24:12","date_gmt":"2017-09-14T08:24:12","guid":{"rendered":"https:\/\/swissmig.wordpress.com\/?p=712"},"modified":"2017-09-14T09:24:12","modified_gmt":"2017-09-14T08:24:12","slug":"statut-et-carriere-des-mineurs-separes-en-suisse-objets-dintervention-ou-sujets-de-droit","status":"publish","type":"post","link":"https:\/\/swissmig.unine.ch\/?p=712","title":{"rendered":"Statut et carri\u00e8re des mineurs s\u00e9par\u00e9s en Suisse : objets d&#8217;intervention ou sujets de droit ?"},"content":{"rendered":"<h3>Author(s) : Daniel Stoecklin, Manuela Scelsi, Elodie Antony<\/h3>\n<h3>Source : <a href=\"http:\/\/www.enfants-migrants.ch\/fr\/sites\/default\/files\/adem\/721\/szfs_39_3_stoecklin_scelsi_antony_pdf_25290.pdf\" target=\"_blank\" rel=\"noopener\">http:\/\/www.enfants-migrants.ch\/fr\/sites\/default\/files\/adem\/721\/szfs_39_3_stoecklin_scelsi_antony_pdf_25290.pdf<\/a><\/h3>\n<p><strong>Abstract: <\/strong><!--more--><\/p>\n<div>\n<div>Dans la loi suisse, est consid\u00e9r\u00e9 comme mineur \u00abquiconque n\u2019a pas atteint 18 ans r\u00e9volus\u00bb (art. 14 CC, cit\u00e9 dans l\u2019art. 1a OA1). Les choses se compliquent d\u00e8s que l\u2019on parle d\u2019enfants s\u00e9par\u00e9s. Les normes internationales distinguent le mineur s\u00e9par\u00e9 (MS) du mineur non accompagn\u00e9 (MNA) par le fait que bien que tous deux soient s\u00e9par\u00e9s de leurs parents, le premier est accompagn\u00e9 d\u2019un autre membre adulte de sa famille tandis que le second est seul ou alors accompagn\u00e9 par un adulte non apparent\u00e9. Selon le droit suisse, les fr\u00e8res et s\u0153urs majeurs ne d\u00e9tiennent pas l\u2019autorit\u00e9 parentale sur un mineur. M\u00eame si ces derniers se trouvent en Suisse, le mineur sera tout de m\u00eame consid\u00e9r\u00e9 comme non accompagn\u00e9.<\/div>\n<\/div>\n<p>&nbsp;<\/p>\n","protected":false},"excerpt":{"rendered":"<p>Author(s) : Daniel Stoecklin, Manuela Scelsi, Elodie Antony Source :&#8230;<\/p>\n","protected":false},"author":4,"featured_media":0,"comment_status":"open","ping_status":"open","sticky":false,"template":"","format":"standard","meta":{"_kadence_starter_templates_imported_post":false,"_kad_post_transparent":"","_kad_post_title":"","_kad_post_layout":"","_kad_post_sidebar_id":"","_kad_post_content_style":"","_kad_post_vertical_padding":"","_kad_post_feature":"","_kad_post_feature_position":"","_kad_post_header":false,"_kad_post_footer":false,"_kad_post_classname":"","jetpack_post_was_ever_published":false,"_jetpack_newsletter_access":"","_jetpack_dont_email_post_to_subs":false,"_jetpack_newsletter_tier_id":0,"_jetpack_memberships_contains_paywalled_content":false,"_jetpack_memberships_contains_paid_content":false,"footnotes":""},"categories":[53],"tags":[75,7,267,147,52,268,103,64],"class_list":["post-712","post","type-post","status-publish","format-standard","hentry","category-law","tag-75","tag-article","tag-family-policy","tag-family-reunification","tag-french-language","tag-international-law","tag-refugees","tag-unaccompanied-minors"],"jetpack_featured_media_url":"","jetpack_sharing_enabled":true,"_links":{"self":[{"href":"https:\/\/swissmig.unine.ch\/index.php?rest_route=\/wp\/v2\/posts\/712","targetHints":{"allow":["GET"]}}],"collection":[{"href":"https:\/\/swissmig.unine.ch\/index.php?rest_route=\/wp\/v2\/posts"}],"about":[{"href":"https:\/\/swissmig.unine.ch\/index.php?rest_route=\/wp\/v2\/types\/post"}],"author":[{"embeddable":true,"href":"https:\/\/swissmig.unine.ch\/index.php?rest_route=\/wp\/v2\/users\/4"}],"replies":[{"embeddable":true,"href":"https:\/\/swissmig.unine.ch\/index.php?rest_route=%2Fwp%2Fv2%2Fcomments&post=712"}],"version-history":[{"count":0,"href":"https:\/\/swissmig.unine.ch\/index.php?rest_route=\/wp\/v2\/posts\/712\/revisions"}],"wp:attachment":[{"href":"https:\/\/swissmig.unine.ch\/index.php?rest_route=%2Fwp%2Fv2%2Fmedia&parent=712"}],"wp:term":[{"taxonomy":"category","embeddable":true,"href":"https:\/\/swissmig.unine.ch\/index.php?rest_route=%2Fwp%2Fv2%2Fcategories&post=712"},{"taxonomy":"post_tag","embeddable":true,"href":"https:\/\/swissmig.unine.ch\/index.php?rest_route=%2Fwp%2Fv2%2Ftags&post=712"}],"curies":[{"name":"wp","href":"https:\/\/api.w.org\/{rel}","templated":true}]}}