{"id":691,"date":"2017-09-14T08:59:29","date_gmt":"2017-09-14T07:59:29","guid":{"rendered":"https:\/\/swissmig.wordpress.com\/?p=691"},"modified":"2017-09-14T08:59:29","modified_gmt":"2017-09-14T07:59:29","slug":"apprehender-le-rapport-au-marche-du-travail-des-migrant-t-e-s-en-suisse-entre-mesures-objectives-et-vecus-subjectifs-lexemple-de-la-dequalification-professionnelle","status":"publish","type":"post","link":"https:\/\/swissmig.unine.ch\/?p=691","title":{"rendered":"Appr\u00e9hender le rapport au march\u00e9 du travail des migrant-t-e-s en Suisse. Entre mesures objectives et v\u00e9cus subjectifs: l&#8217;exemple de la d\u00e9qualification professionnelle"},"content":{"rendered":"<h3>Author(s) : Laura Morend<\/h3>\n<h3>Source : <a href=\"http:\/\/metices.ulb.ac.be\/IMG\/pdf\/MOREND.pdf\" target=\"_blank\" rel=\"noopener\">http:\/\/metices.ulb.ac.be\/IMG\/pdf\/MOREND.pdf<\/a><\/h3>\n<p><strong>Abstract: <\/strong><!--more--><\/p>\n<div>Dans cette contribution, je vais chercher \u00e0 poser quelques jalons pour l\u2019analyse du rapport subjectif des migrants au march\u00e9 du travail en Suisse, par le biais de l\u2019exemple de la d\u00e9qualification professionnelle, entendue comme le fait de ne pas \u00eatre en mesure d\u2019occuper un emploi \u00e0 la hauteur de ses qualifications\/dipl\u00f4mes. Dans un premier temps, apr\u00e8s avoir pr\u00e9sent\u00e9 bri\u00e8vement la centralit\u00e9 du travail r\u00e9mun\u00e9r\u00e9 dans la politique migratoire suisse, j\u2019exposerai les travaux existant sur la question de la d\u00e9qualification professionnelle des migrants. Un accent particulier sera missur les personnes concern\u00e9es par l\u2019asile, exemple paradigmatique d\u2019une population migrante d\u00e9qualifi\u00e9e. Dans un second temps, je montrerai les limites de cesapproches, qui consistent souvent \u00e0 mesurer objectivement l\u2019\u00e9cart \u00e9ventuel entre le niveau de qualification ou le statut socioprofessionnel ant\u00e9rieur \u00e0 la migration et le statut d\u2019emploi dans le pays d\u2019accueil.<\/div>\n<p>&nbsp;<\/p>\n","protected":false},"excerpt":{"rendered":"<p>Author(s) : Laura Morend Source : http:\/\/metices.ulb.ac.be\/IMG\/pdf\/MOREND.pdf Abstract:<\/p>\n","protected":false},"author":4,"featured_media":0,"comment_status":"open","ping_status":"open","sticky":false,"template":"","format":"standard","meta":{"_kadence_starter_templates_imported_post":false,"_kad_post_transparent":"","_kad_post_title":"","_kad_post_layout":"","_kad_post_sidebar_id":"","_kad_post_content_style":"","_kad_post_vertical_padding":"","_kad_post_feature":"","_kad_post_feature_position":"","_kad_post_header":false,"_kad_post_footer":false,"_kad_post_classname":"","jetpack_post_was_ever_published":false,"_jetpack_newsletter_access":"","_jetpack_dont_email_post_to_subs":false,"_jetpack_newsletter_tier_id":0,"_jetpack_memberships_contains_paywalled_content":false,"_jetpack_memberships_contains_paid_content":false,"footnotes":""},"categories":[16],"tags":[255,50,38,263,176,240,52,19,122,36,264],"class_list":["post-691","post","type-post","status-publish","format-standard","hentry","category-economics","tag-255","tag-asylum-seekers","tag-conference-paper","tag-deskilling","tag-economic-integration","tag-employment","tag-french-language","tag-labour-market","tag-migrants","tag-migration-policy","tag-skills"],"jetpack_featured_media_url":"","jetpack_sharing_enabled":true,"_links":{"self":[{"href":"https:\/\/swissmig.unine.ch\/index.php?rest_route=\/wp\/v2\/posts\/691","targetHints":{"allow":["GET"]}}],"collection":[{"href":"https:\/\/swissmig.unine.ch\/index.php?rest_route=\/wp\/v2\/posts"}],"about":[{"href":"https:\/\/swissmig.unine.ch\/index.php?rest_route=\/wp\/v2\/types\/post"}],"author":[{"embeddable":true,"href":"https:\/\/swissmig.unine.ch\/index.php?rest_route=\/wp\/v2\/users\/4"}],"replies":[{"embeddable":true,"href":"https:\/\/swissmig.unine.ch\/index.php?rest_route=%2Fwp%2Fv2%2Fcomments&post=691"}],"version-history":[{"count":0,"href":"https:\/\/swissmig.unine.ch\/index.php?rest_route=\/wp\/v2\/posts\/691\/revisions"}],"wp:attachment":[{"href":"https:\/\/swissmig.unine.ch\/index.php?rest_route=%2Fwp%2Fv2%2Fmedia&parent=691"}],"wp:term":[{"taxonomy":"category","embeddable":true,"href":"https:\/\/swissmig.unine.ch\/index.php?rest_route=%2Fwp%2Fv2%2Fcategories&post=691"},{"taxonomy":"post_tag","embeddable":true,"href":"https:\/\/swissmig.unine.ch\/index.php?rest_route=%2Fwp%2Fv2%2Ftags&post=691"}],"curies":[{"name":"wp","href":"https:\/\/api.w.org\/{rel}","templated":true}]}}