{"id":674,"date":"2017-09-14T08:28:51","date_gmt":"2017-09-14T07:28:51","guid":{"rendered":"https:\/\/swissmig.wordpress.com\/?p=674"},"modified":"2025-11-21T08:42:12","modified_gmt":"2025-11-21T07:42:12","slug":"etre-jeune-prive-de-statut-legal-et-citoyen-ne-est-ce-possible","status":"publish","type":"post","link":"https:\/\/swissmig.unine.ch\/?p=674","title":{"rendered":"Etre jeune, priv\u00e9 de statut l\u00e9gal et citoyen-ne, est-ce possible?"},"content":{"rendered":"<h3>Author(s) : Myrian Carbajal, Nathalie Ljuslin<\/h3>\n<h3>Source : <a href=\"http:\/\/www.tsantsa.ch\/fr\/component\/edocman\/?task=document.viewdoc&amp;id=55&amp;Itemid=261\" target=\"_blank\" rel=\"noopener\">http:\/\/www.tsantsa.ch\/fr\/component\/edocman\/?task=document.viewdoc&amp;id=55&amp;Itemid=261<\/a><\/h3>\n<p><strong>Abstract: <\/strong><!--more--><\/p>\n<div class=\"hlFld-Abstract test\">\n<div class=\"abstractSection abstractInFull\">\n<div>This article is based upon a qualitative research project exploring how young undocumented Latino-Americans living in Switzerland experience the transition from childhood to adulthood. Findings suggest that, in spite of their legal status, these young people demonstrate active and horizontal forms of citizenship. Such citizenship is acquired through political participation including demonstrations in favour of \u00abillegal aliens\u00bb, but also through engagement with a wide range of social activities including sports, music, religious or volunteer groups. Moreover, these youths\u2019 stance towards the state, who considers them as margizens, and their attitudes towards the police (for instance, absence of fear to be denunciated, or to report a theft), are in fact also forms of citizenship, in the sense that they oppose the dominant model. In other words, these young people possess both a vertical relationship to citizenship, in their relationship with a state which does not recognize them, and a horizontal relationship to fellow citizens who do not take account of their status as undocumented immigrants.<\/div>\n<p>&nbsp;<\/p>\n<\/div>\n<\/div>\n<div class=\"abstractKeywords\">\n<div class=\"hlFld-KeywordText\">\n<div>\n<div><strong>Mots-cl\u00e9s: <\/strong>citoyennet\u00e9, citoyennet\u00e9 active, citoyennet\u00e9 horizontale, sans autorisation de s\u00e9jour, participation sociale<\/div>\n<\/div>\n<p><strong>Keywords<\/strong>: citizenship, active citizenship, horizontal citizenship, young undocumented Latino-Americans, social participation<\/p>\n<\/div>\n<\/div>\n<p class=\"abstract\" dir=\"ltr\" lang=\"fr-FR\">\n","protected":false},"excerpt":{"rendered":"<p>Author(s) : Myrian Carbajal, Nathalie Ljuslin Source : http:\/\/www.tsantsa.ch\/fr\/component\/edocman\/?task=document.viewdoc&amp;id=55&amp;Itemid=261 Abstract:<\/p>\n","protected":false},"author":4,"featured_media":0,"comment_status":"open","ping_status":"open","sticky":false,"template":"","format":"standard","meta":{"_kadence_starter_templates_imported_post":false,"_kad_post_transparent":"","_kad_post_title":"","_kad_post_layout":"","_kad_post_sidebar_id":"","_kad_post_content_style":"","_kad_post_vertical_padding":"","_kad_post_feature":"","_kad_post_feature_position":"","_kad_post_header":false,"_kad_post_footer":false,"_kad_post_classname":"","jetpack_post_was_ever_published":false,"_jetpack_newsletter_access":"","_jetpack_dont_email_post_to_subs":false,"_jetpack_newsletter_tier_id":0,"_jetpack_memberships_contains_paywalled_content":false,"_jetpack_memberships_contains_paid_content":false,"footnotes":""},"categories":[24],"tags":[255,260,7,70,52,294,261,91,262,118],"class_list":["post-674","post","type-post","status-publish","format-standard","hentry","category-society-family-racism","tag-255","tag-adulthood","tag-article","tag-citizenship","tag-french-language","tag-irregular-migration","tag-latin-americans","tag-social-integration","tag-undocumented-immigrants","tag-youth"],"jetpack_featured_media_url":"","jetpack_sharing_enabled":true,"_links":{"self":[{"href":"https:\/\/swissmig.unine.ch\/index.php?rest_route=\/wp\/v2\/posts\/674","targetHints":{"allow":["GET"]}}],"collection":[{"href":"https:\/\/swissmig.unine.ch\/index.php?rest_route=\/wp\/v2\/posts"}],"about":[{"href":"https:\/\/swissmig.unine.ch\/index.php?rest_route=\/wp\/v2\/types\/post"}],"author":[{"embeddable":true,"href":"https:\/\/swissmig.unine.ch\/index.php?rest_route=\/wp\/v2\/users\/4"}],"replies":[{"embeddable":true,"href":"https:\/\/swissmig.unine.ch\/index.php?rest_route=%2Fwp%2Fv2%2Fcomments&post=674"}],"version-history":[{"count":1,"href":"https:\/\/swissmig.unine.ch\/index.php?rest_route=\/wp\/v2\/posts\/674\/revisions"}],"predecessor-version":[{"id":38231,"href":"https:\/\/swissmig.unine.ch\/index.php?rest_route=\/wp\/v2\/posts\/674\/revisions\/38231"}],"wp:attachment":[{"href":"https:\/\/swissmig.unine.ch\/index.php?rest_route=%2Fwp%2Fv2%2Fmedia&parent=674"}],"wp:term":[{"taxonomy":"category","embeddable":true,"href":"https:\/\/swissmig.unine.ch\/index.php?rest_route=%2Fwp%2Fv2%2Fcategories&post=674"},{"taxonomy":"post_tag","embeddable":true,"href":"https:\/\/swissmig.unine.ch\/index.php?rest_route=%2Fwp%2Fv2%2Ftags&post=674"}],"curies":[{"name":"wp","href":"https:\/\/api.w.org\/{rel}","templated":true}]}}