{"id":642,"date":"2017-09-12T14:50:10","date_gmt":"2017-09-12T13:50:10","guid":{"rendered":"https:\/\/swissmig.wordpress.com\/?p=642"},"modified":"2017-09-12T14:50:10","modified_gmt":"2017-09-12T13:50:10","slug":"la-transversalite-du-genre-lislam-et-les-musulmans-dans-la-presse-suisse-francophone","status":"publish","type":"post","link":"https:\/\/swissmig.unine.ch\/?p=642","title":{"rendered":"La transversalit\u00e9 du genre : l\u2019islam et les musulmans dans la presse suisse francophone"},"content":{"rendered":"<h3>Author(s) : Lorena Parini, Matteo Gianni, Ga\u00ebtan Clavien<\/h3>\n<h3>Source : <a href=\"http:\/\/dx.doi.org\/10.7202\/1011122ar\" target=\"_blank\" rel=\"noopener\">http:\/\/dx.doi.org\/10.7202\/1011122ar<\/a><\/h3>\n<p><strong>Abstract: <\/strong><!--more--><\/p>\n<p>Cet article a pour objectif d\u2019analyser le r\u00f4le que tiennent les questions de genre dans le discours public de certains m\u00e9dias suisses francophones sur les musulmans et l\u2019islam. Au fil de l\u2019analyse quantitative et qualitative du corpus d\u2019une recherche, on montre que les questions de genre traversent les th\u00e9matiques abord\u00e9es par le d\u00e9bat public \u00e0 propos de la compatibilit\u00e9 ou de l\u2019incompatibilit\u00e9 de la culture musulmane avec celle de la Suisse. Cela am\u00e8ne une interpr\u00e9tation des r\u00e9sultats du point de vue de l\u2019usage politique du genre et de la constitution du sujet politique.<\/p>\n<p>This article aims to analyze the role that gender issues play in the public discourse on Muslims and Islam of several Swiss French-speaking Swiss media. Through a quantitative and qualitative analysis of the corpus of our research we show that gender issues go across the themes addressed in the public debate about the compatibility or incompatibility of Muslim culture with the one prevailing in Switzerland. This leads us to interpret these results in the perspective of the political use of gender and the political constitution of the subject.<\/p>\n<div class=\"motscles\"><strong>Keywords : <\/strong>islam, suisse, religion, medias, voile, valeurs<\/div>\n<p>&nbsp;<\/p>\n","protected":false},"excerpt":{"rendered":"<p>Author(s) : Lorena Parini, Matteo Gianni, Ga\u00ebtan Clavien Source :&#8230;<\/p>\n","protected":false},"author":4,"featured_media":0,"comment_status":"open","ping_status":"open","sticky":false,"template":"","format":"standard","meta":{"_kadence_starter_templates_imported_post":false,"_kad_post_transparent":"","_kad_post_title":"","_kad_post_layout":"","_kad_post_sidebar_id":"","_kad_post_content_style":"","_kad_post_vertical_padding":"","_kad_post_feature":"","_kad_post_feature_position":"","_kad_post_header":false,"_kad_post_footer":false,"_kad_post_classname":"","jetpack_post_was_ever_published":false,"_jetpack_newsletter_access":"","_jetpack_dont_email_post_to_subs":false,"_jetpack_newsletter_tier_id":0,"_jetpack_memberships_contains_paywalled_content":false,"_jetpack_memberships_contains_paid_content":false,"footnotes":""},"categories":[24],"tags":[255,7,173,151,152,52,148,223,115,116,94,213],"class_list":["post-642","post","type-post","status-publish","format-standard","hentry","category-society-family-racism","tag-255","tag-article","tag-cross-cultural-communication","tag-cultural-identity","tag-discourse","tag-french-language","tag-gender","tag-islam","tag-mass-media","tag-muslims","tag-political-system","tag-segregation"],"jetpack_featured_media_url":"","jetpack_sharing_enabled":true,"_links":{"self":[{"href":"https:\/\/swissmig.unine.ch\/index.php?rest_route=\/wp\/v2\/posts\/642","targetHints":{"allow":["GET"]}}],"collection":[{"href":"https:\/\/swissmig.unine.ch\/index.php?rest_route=\/wp\/v2\/posts"}],"about":[{"href":"https:\/\/swissmig.unine.ch\/index.php?rest_route=\/wp\/v2\/types\/post"}],"author":[{"embeddable":true,"href":"https:\/\/swissmig.unine.ch\/index.php?rest_route=\/wp\/v2\/users\/4"}],"replies":[{"embeddable":true,"href":"https:\/\/swissmig.unine.ch\/index.php?rest_route=%2Fwp%2Fv2%2Fcomments&post=642"}],"version-history":[{"count":0,"href":"https:\/\/swissmig.unine.ch\/index.php?rest_route=\/wp\/v2\/posts\/642\/revisions"}],"wp:attachment":[{"href":"https:\/\/swissmig.unine.ch\/index.php?rest_route=%2Fwp%2Fv2%2Fmedia&parent=642"}],"wp:term":[{"taxonomy":"category","embeddable":true,"href":"https:\/\/swissmig.unine.ch\/index.php?rest_route=%2Fwp%2Fv2%2Fcategories&post=642"},{"taxonomy":"post_tag","embeddable":true,"href":"https:\/\/swissmig.unine.ch\/index.php?rest_route=%2Fwp%2Fv2%2Ftags&post=642"}],"curies":[{"name":"wp","href":"https:\/\/api.w.org\/{rel}","templated":true}]}}