{"id":5943,"date":"2020-08-10T08:00:35","date_gmt":"2020-08-10T07:00:35","guid":{"rendered":"https:\/\/swissmig.wordpress.com\/?p=5943"},"modified":"2020-08-10T08:00:35","modified_gmt":"2020-08-10T07:00:35","slug":"aufbau-einer-koordinationsstelle-fur-interkulturelle-ubersetzerinnen-und-vermittlerinnen-konzeptstudie","status":"publish","type":"post","link":"https:\/\/swissmig.unine.ch\/?p=5943","title":{"rendered":"Aufbau einer Koordinationsstelle f\u00fcr interkulturelle \u00dcbersetzerInnen und VermittlerInnen: Konzeptstudie"},"content":{"rendered":"<h3>Author(s) : Janine Dahinden, Alexandra Felder, Gianni D&#8217;Amato<\/h3>\n<h3>Source : <a href=\"https:\/\/libra.unine.ch\/handle\/123456789\/18056\" target=\"_blank\" rel=\"noopener\">https:\/\/libra.unine.ch\/handle\/123456789\/18056<\/a><\/h3>\n<p><strong>Abstract: <\/strong><!--more--><\/p>\n<blockquote>\n<div class=\"hlFld-Abstract\">\n<div class=\"abstractSection abstractInFull\">\n<p>&#8220;<span class=\"full-fields\">Im vorliegenden Bericht werden Vorschl\u00e4ge erarbeitet, welche Logik sich f\u00fcr den Aufbau einer Koordinationsstelle f\u00fcr interkulturelle \u00dcbersetzerInnen und VermittlerInnen f\u00fcr den Grossraum Z\u00fcrich anbieten w\u00fcrde. Es werden Ideen zur Interventionslogik, zur strategischen und operativen Ausrichtung, aber auch zu den Produkten und dem Qualit\u00e4tssicherungssystem einer solchen Koordinationsstelle&#8230;<\/span>&#8221;<\/p>\n<p><strong>Keywords<\/strong>: cross-cultural communication, SFM Studies, refugees, transnationalism, multiculturalism, intercultural relations, interpreting<\/p>\n<\/div>\n<\/div>\n<\/blockquote>\n","protected":false},"excerpt":{"rendered":"<p>Author(s) : Janine Dahinden, Alexandra Felder, Gianni D&#8217;Amato Source :&#8230;<\/p>\n","protected":false},"author":4,"featured_media":0,"comment_status":"open","ping_status":"open","sticky":false,"template":"","format":"standard","meta":{"_kadence_starter_templates_imported_post":false,"_kad_post_transparent":"","_kad_post_title":"","_kad_post_layout":"","_kad_post_sidebar_id":"","_kad_post_content_style":"","_kad_post_vertical_padding":"","_kad_post_feature":"","_kad_post_feature_position":"","_kad_post_header":false,"_kad_post_footer":false,"_kad_post_classname":"","jetpack_post_was_ever_published":false,"_jetpack_newsletter_access":"","_jetpack_dont_email_post_to_subs":false,"_jetpack_newsletter_tier_id":0,"_jetpack_memberships_contains_paywalled_content":false,"_jetpack_memberships_contains_paid_content":false,"footnotes":""},"categories":[167],"tags":[85,173,73,321,88,311,154,180,103,249,645,91,312,63,679,246],"class_list":["post-5943","post","type-post","status-publish","format-standard","hentry","category-ethnicity-languages-religion-arts","tag-85","tag-cross-cultural-communication","tag-german-language","tag-intercultural-policy","tag-intercultural-relations","tag-interpreting","tag-interviews","tag-multiculturalism","tag-refugees","tag-report","tag-sfm-studies","tag-social-integration","tag-social-work","tag-training","tag-training-programmes","tag-zurich"],"jetpack_featured_media_url":"","jetpack_sharing_enabled":true,"_links":{"self":[{"href":"https:\/\/swissmig.unine.ch\/index.php?rest_route=\/wp\/v2\/posts\/5943","targetHints":{"allow":["GET"]}}],"collection":[{"href":"https:\/\/swissmig.unine.ch\/index.php?rest_route=\/wp\/v2\/posts"}],"about":[{"href":"https:\/\/swissmig.unine.ch\/index.php?rest_route=\/wp\/v2\/types\/post"}],"author":[{"embeddable":true,"href":"https:\/\/swissmig.unine.ch\/index.php?rest_route=\/wp\/v2\/users\/4"}],"replies":[{"embeddable":true,"href":"https:\/\/swissmig.unine.ch\/index.php?rest_route=%2Fwp%2Fv2%2Fcomments&post=5943"}],"version-history":[{"count":0,"href":"https:\/\/swissmig.unine.ch\/index.php?rest_route=\/wp\/v2\/posts\/5943\/revisions"}],"wp:attachment":[{"href":"https:\/\/swissmig.unine.ch\/index.php?rest_route=%2Fwp%2Fv2%2Fmedia&parent=5943"}],"wp:term":[{"taxonomy":"category","embeddable":true,"href":"https:\/\/swissmig.unine.ch\/index.php?rest_route=%2Fwp%2Fv2%2Fcategories&post=5943"},{"taxonomy":"post_tag","embeddable":true,"href":"https:\/\/swissmig.unine.ch\/index.php?rest_route=%2Fwp%2Fv2%2Ftags&post=5943"}],"curies":[{"name":"wp","href":"https:\/\/api.w.org\/{rel}","templated":true}]}}