{"id":5933,"date":"2020-08-03T08:00:52","date_gmt":"2020-08-03T07:00:52","guid":{"rendered":"https:\/\/swissmig.wordpress.com\/?p=5933"},"modified":"2020-08-03T08:00:52","modified_gmt":"2020-08-03T07:00:52","slug":"le-pacte-mondial-sur-les-migrations-et-la-suisse-etude-croisee-du-pacte-sur-les-migrations-et-de-lagenda-2030","status":"publish","type":"post","link":"https:\/\/swissmig.unine.ch\/?p=5933","title":{"rendered":"Le Pacte mondial sur les migrations et la Suisse : \u00e9tude crois\u00e9e du Pacte sur les migrations et de l\u2019Agenda 2030"},"content":{"rendered":"<h3>Author(s) : Anne-Laurence Graf<\/h3>\n<h3>Source : <a href=\"https:\/\/boris.unibe.ch\/144700\/\" target=\"_blank\" rel=\"noopener\">https:\/\/boris.unibe.ch\/144700\/<\/a><\/h3>\n<h3>Source : <a href=\"https:\/\/www.skmr.ch\/cms\/upload\/pdf\/2020\/200528_Etude_Pacte_migrations.pdf\" target=\"_blank\" rel=\"noopener\">https:\/\/www.skmr.ch\/cms\/upload\/pdf\/2020\/200528_Etude_Pacte_migrations.pdf<\/a><\/h3>\n<p><strong>Abstract: <\/strong><!--more--><\/p>\n<blockquote>\n<div class=\"hlFld-Abstract\">\n<div class=\"abstractSection abstractInFull\">\n<p>&#8220;Le Pacte mondial pour des migrations s\u00fbres, ordonn\u00e9es et r\u00e9guli\u00e8res, adopt\u00e9 \u00e0 Marrakech lors d\u2019une Conf\u00e9rence intergouvernementale puis par l\u2019Assembl\u00e9e g\u00e9n\u00e9rale des Nations Unies en d\u00e9cembre 2018, constitue l\u2019instrument international le plus abouti s\u2019agissant de la coop\u00e9ration internationale en mati\u00e8re de migrations. La question de sa nature juridique ne fait aujourd\u2019hui l\u2019objet d\u2019aucune controverse : le Pacte est non contraignant pour les \u00c9tats. Sa port\u00e9e juridique a pourtant fait d\u00e9bat lors des n\u00e9gociations intergouvernementales, amenant certains \u00c9tats \u00e0 s\u2019abstenir de voter pour le texte, voire \u00e0 voter contre, de peur que le Pacte ne soit \u00e0 l\u2019origine de nouvelles obligations juridiques leur incombant. Malgr\u00e9 sa nature non juridiquement contraignante, l\u2019importance du Pacte sur les migrations n\u2019est pas \u00e0 sous-estimer. Cet instrument jouera dans les prochaines ann\u00e9es un r\u00f4le important dans le suivi de la mise en oeuvre des aspects li\u00e9s \u00e0 la migration de l\u2019Agenda 2030 pour le d\u00e9veloppement durable, compte tenu de la convergence, tant g\u00e9n\u00e9rale que sp\u00e9cifique, entre les objectifs de l\u2019Agenda 2030 li\u00e9s \u00e0 la migration et ceux du Pacte sur les migrations. Ainsi, le Pacte sur les migrations devrait notamment orienter le d\u00e9veloppement et l\u2019application des instruments de politique migratoire ext\u00e9rieure de la Suisse. A cet \u00e9gard, l\u2019instrument du partenariat migratoire appara\u00eet \u00e0 la fois comme un danger et une chance pour la Suisse de contribuer \u00e0 la r\u00e9alisation de la cible de l\u2019Agenda 2030 pour le d\u00e9veloppement durable, telle qu\u2019interpr\u00e9t\u00e9e \u00e0 la lumi\u00e8re du Pacte sur les migrations. Au final, le Pacte sur les migrations devra son succ\u00e8s \u00e0 son application effective par les \u00c9tats, faute de force juridiquement contraignante.&#8221;<\/p>\n<\/div>\n<\/div>\n<\/blockquote>\n","protected":false},"excerpt":{"rendered":"<p>Author(s) : Anne-Laurence Graf Source : https:\/\/boris.unibe.ch\/144700\/ Source : https:\/\/www.skmr.ch\/cms\/upload\/pdf\/2020\/200528_Etude_Pacte_migrations.pdf&#8230;<\/p>\n","protected":false},"author":4,"featured_media":0,"comment_status":"open","ping_status":"open","sticky":false,"template":"","format":"standard","meta":{"_kadence_starter_templates_imported_post":false,"_kad_post_transparent":"","_kad_post_title":"","_kad_post_layout":"","_kad_post_sidebar_id":"","_kad_post_content_style":"","_kad_post_vertical_padding":"","_kad_post_feature":"","_kad_post_feature_position":"","_kad_post_header":false,"_kad_post_footer":false,"_kad_post_classname":"","jetpack_post_was_ever_published":false,"_jetpack_newsletter_access":"","_jetpack_dont_email_post_to_subs":false,"_jetpack_newsletter_tier_id":0,"_jetpack_memberships_contains_paywalled_content":false,"_jetpack_memberships_contains_paid_content":false,"footnotes":""},"categories":[53],"tags":[654,322,9,613,301,128,563,216,268,66,618,36,249],"class_list":["post-5933","post","type-post","status-publish","format-standard","hentry","category-law","tag-654","tag-causes-of-migration","tag-english-language","tag-forced-migration","tag-globalization","tag-human-rights","tag-immigration-law","tag-international-cooperation","tag-international-law","tag-migration","tag-migration-management","tag-migration-policy","tag-report"],"jetpack_featured_media_url":"","jetpack_sharing_enabled":true,"_links":{"self":[{"href":"https:\/\/swissmig.unine.ch\/index.php?rest_route=\/wp\/v2\/posts\/5933","targetHints":{"allow":["GET"]}}],"collection":[{"href":"https:\/\/swissmig.unine.ch\/index.php?rest_route=\/wp\/v2\/posts"}],"about":[{"href":"https:\/\/swissmig.unine.ch\/index.php?rest_route=\/wp\/v2\/types\/post"}],"author":[{"embeddable":true,"href":"https:\/\/swissmig.unine.ch\/index.php?rest_route=\/wp\/v2\/users\/4"}],"replies":[{"embeddable":true,"href":"https:\/\/swissmig.unine.ch\/index.php?rest_route=%2Fwp%2Fv2%2Fcomments&post=5933"}],"version-history":[{"count":0,"href":"https:\/\/swissmig.unine.ch\/index.php?rest_route=\/wp\/v2\/posts\/5933\/revisions"}],"wp:attachment":[{"href":"https:\/\/swissmig.unine.ch\/index.php?rest_route=%2Fwp%2Fv2%2Fmedia&parent=5933"}],"wp:term":[{"taxonomy":"category","embeddable":true,"href":"https:\/\/swissmig.unine.ch\/index.php?rest_route=%2Fwp%2Fv2%2Fcategories&post=5933"},{"taxonomy":"post_tag","embeddable":true,"href":"https:\/\/swissmig.unine.ch\/index.php?rest_route=%2Fwp%2Fv2%2Ftags&post=5933"}],"curies":[{"name":"wp","href":"https:\/\/api.w.org\/{rel}","templated":true}]}}