{"id":591,"date":"2017-09-07T10:54:31","date_gmt":"2017-09-07T09:54:31","guid":{"rendered":"https:\/\/swissmig.wordpress.com\/?p=591"},"modified":"2025-11-21T08:42:26","modified_gmt":"2025-11-21T07:42:26","slug":"honte-et-migration-une-relation-complexe-a-saisir","status":"publish","type":"post","link":"https:\/\/swissmig.unine.ch\/?p=591","title":{"rendered":"Honte et migration : une relation complexe \u00e0 saisir"},"content":{"rendered":"<h3>Author(s) : Claudio Bolzman, Th\u00e9og\u00e8ne-Octave Gakuba, Martin Amalaman<\/h3>\n<h3>Source : <a href=\"http:\/\/www.cairn.info\/resume.php?ID_ARTICLE=PP_044_0129\" target=\"_blank\" rel=\"noopener\">http:\/\/www.cairn.info\/resume.php?ID_ARTICLE=PP_044_0129<\/a><\/h3>\n<p><strong>Abstract: <\/strong><!--more--><\/p>\n<div id=\"resume_fr\" class=\"wrapper_resume\">\n<blockquote class=\"resume fr\"><p>Cet article explore une dimension \u00e9motionnelle dans la vie sociale des individus, \u00e0 savoir la question de la honte en relation avec la migration. \u00c0 partir du cas des migrants d\u2019Afrique de l\u2019Ouest en Europe, et plus particuli\u00e8rement en Suisse, il s\u2019agit de comprendre la place que les sentiments de honte et de culpabilit\u00e9 ont pu jouer dans leur projet migratoire, dans ce que les migrants r\u00e9sidant en Europe communiquent aux personnes rest\u00e9es au pays d\u2019origine, dans le positionnement que les personnes qui n\u2019ont pas l\u2019autorisation de r\u00e9sider de mani\u00e8re l\u00e9gitime en Europe adoptent par rapport \u00e0 la question d\u2019un \u00e9ventuel retour au pays d\u2019origine. Il s\u2019agit \u00e9galement de contextualiser et discuter les r\u00e9sultats, ainsi que de situer certaines implications pour l\u2019intervention.<\/p><\/blockquote>\n<div class=\"wrapper_keywords\">\n<p class=\"negative-left\">Mots-cl\u00e9s : migration, honte, \u00e9motions, groupe de r\u00e9f\u00e9rence, autrui significatifs<\/p>\n<\/div>\n<div class=\"wrapper_renvois\"><\/div>\n<\/div>\n<div id=\"resume_en\" class=\"wrapper_resume\">\n<p class=\"negative-left\">English<\/p>\n<blockquote class=\"resume en\"><p>This article explores an emotional dimension in the social life of individuals, namely the issue of shame in relation to migration. The case study of migrants from West Africa to Europe, and more particularly in Switzerland, allows to study the place that feelings of shame and guilt may have played in their migratory project, but also in the information that migrants living in Europe provide to their fellow countrymen living in their country of origin. The article also explores the stand adopted by migrants who do not have the authorization to reside legitimately anymore in Europe with respect to a possible return to their home country. Finally, the article contextualises and discusses the main results and deals with some implications for intervention.<\/p><\/blockquote>\n<div class=\"wrapper_keywords\">\n<p class=\"negative-left\">Keywords : migration, shame, emotions, reference group, significant others<\/p>\n<\/div>\n<\/div>\n<p>&nbsp;<\/p>\n<div><\/div>\n<div id=\"kwrd0030\" class=\"keyword\"><\/div>\n","protected":false},"excerpt":{"rendered":"<p>Author(s) : Claudio Bolzman, Th\u00e9og\u00e8ne-Octave Gakuba, Martin Amalaman Source :&#8230;<\/p>\n","protected":false},"author":4,"featured_media":0,"comment_status":"open","ping_status":"open","sticky":false,"template":"","format":"standard","meta":{"_kadence_starter_templates_imported_post":false,"_kad_post_transparent":"","_kad_post_title":"","_kad_post_layout":"","_kad_post_sidebar_id":"","_kad_post_content_style":"","_kad_post_vertical_padding":"","_kad_post_feature":"","_kad_post_feature_position":"","_kad_post_header":false,"_kad_post_footer":false,"_kad_post_classname":"","jetpack_post_was_ever_published":false,"_jetpack_newsletter_access":"","_jetpack_dont_email_post_to_subs":false,"_jetpack_newsletter_tier_id":0,"_jetpack_memberships_contains_paywalled_content":false,"_jetpack_memberships_contains_paid_content":false,"footnotes":""},"categories":[167],"tags":[48,239,7,202,121,52,294,103,46,91],"class_list":["post-591","post","type-post","status-publish","format-standard","hentry","category-ethnicity-languages-religion-arts","tag-48","tag-africans","tag-article","tag-behavior","tag-ethnic-minorities","tag-french-language","tag-irregular-migration","tag-refugees","tag-return-migration","tag-social-integration"],"jetpack_featured_media_url":"","jetpack_sharing_enabled":true,"_links":{"self":[{"href":"https:\/\/swissmig.unine.ch\/index.php?rest_route=\/wp\/v2\/posts\/591","targetHints":{"allow":["GET"]}}],"collection":[{"href":"https:\/\/swissmig.unine.ch\/index.php?rest_route=\/wp\/v2\/posts"}],"about":[{"href":"https:\/\/swissmig.unine.ch\/index.php?rest_route=\/wp\/v2\/types\/post"}],"author":[{"embeddable":true,"href":"https:\/\/swissmig.unine.ch\/index.php?rest_route=\/wp\/v2\/users\/4"}],"replies":[{"embeddable":true,"href":"https:\/\/swissmig.unine.ch\/index.php?rest_route=%2Fwp%2Fv2%2Fcomments&post=591"}],"version-history":[{"count":1,"href":"https:\/\/swissmig.unine.ch\/index.php?rest_route=\/wp\/v2\/posts\/591\/revisions"}],"predecessor-version":[{"id":38232,"href":"https:\/\/swissmig.unine.ch\/index.php?rest_route=\/wp\/v2\/posts\/591\/revisions\/38232"}],"wp:attachment":[{"href":"https:\/\/swissmig.unine.ch\/index.php?rest_route=%2Fwp%2Fv2%2Fmedia&parent=591"}],"wp:term":[{"taxonomy":"category","embeddable":true,"href":"https:\/\/swissmig.unine.ch\/index.php?rest_route=%2Fwp%2Fv2%2Fcategories&post=591"},{"taxonomy":"post_tag","embeddable":true,"href":"https:\/\/swissmig.unine.ch\/index.php?rest_route=%2Fwp%2Fv2%2Ftags&post=591"}],"curies":[{"name":"wp","href":"https:\/\/api.w.org\/{rel}","templated":true}]}}