{"id":5165,"date":"2020-07-27T08:00:19","date_gmt":"2020-07-27T07:00:19","guid":{"rendered":"https:\/\/swissmig.wordpress.com\/?p=5165"},"modified":"2020-07-27T08:00:19","modified_gmt":"2020-07-27T07:00:19","slug":"lintegration-des-requerants-dasile-et-des-refugies-sur-le-marche-du-travail","status":"publish","type":"post","link":"https:\/\/swissmig.unine.ch\/?p=5165","title":{"rendered":"L\u2019int\u00e9gration des requ\u00e9rants d\u2019asile et des r\u00e9fugi\u00e9s sur le march\u00e9 du travail"},"content":{"rendered":"<h3>Author(s) : Etienne Piguet, Roland Misteli<\/h3>\n<h3>Source : <a href=\"https:\/\/libra.unine.ch\/handle\/123456789\/4011\" target=\"_blank\" rel=\"noopener\">https:\/\/libra.unine.ch\/handle\/123456789\/4011<\/a><\/h3>\n<p><strong>Abstract: <\/strong><!--more--><\/p>\n<blockquote><p>&#8220;Le point de d\u00e9part de cette recherche est le constat du taux d\u2019activit\u00e9 particuli\u00e8rement bas des diff\u00e9rentes cat\u00e9gories de personnes concern\u00e9es par la proc\u00e9dure d\u2019asile en Suisse. De mani\u00e8re g\u00e9n\u00e9rale, le taux d&#8217;activit\u00e9 est en effet de 21.4% chez les requ\u00e9rants d&#8217;asile (permis N) et les personnes admises provisoirement (permis F) et de 31.7% chez les r\u00e9fugi\u00e9s statutaires1. Ces chiffres sont largement inf\u00e9rieurs au taux de 53.2% que conna\u00eet la population suisse et \u00e9trang\u00e8re r\u00e9sidante permanente en Suisse2. Avec 59.8% d&#8217;actifs, les personnes admises en Suisse pour raisons humanitaires (art. 13f OLE) connaissent par contre des taux d&#8217;activit\u00e9 sup\u00e9rieurs.&#8221;<\/p>\n<p>&#8220;Der vorliegende Bericht pr\u00e4sentiert die Ergebnisse der ersten beiden Phasen einer Studie, welche das Schweizerische Forum f\u00fcr Migrationsstudien im Auftrag des Bundesamts f\u00fcr Fl\u00fcchtlinge durchf\u00fchrte. Ziel der Untersuchung ist es, die niedrigen Erwerbsquoten von Personen aus dem Asylbereich zu erkl\u00e4ren und damit eine Grundlage f\u00fcr die Evaluation von Handlungsm\u00f6glichkeiten bereitzustellen. Die Forschung basiert auf Daten des Bundesamts f\u00fcr Fl\u00fcchtlinge (AUPER) sowie des Bundesamtes f\u00fcr Ausl\u00e4nderfragen (ZAR), auf verschiedenen Datenreihen zur Wirtschaftsstruktur der Kantone sowie auf Interviews.&#8221;<\/p>\n<p><strong>Mots-cl\u00e9s :<\/strong> economic integration, SFM Studies, asylum seekers, asylum procedure, labour market<\/p><\/blockquote>\n","protected":false},"excerpt":{"rendered":"<p>Author(s) : Etienne Piguet, Roland Misteli Source : https:\/\/libra.unine.ch\/handle\/123456789\/4011 Abstract:<\/p>\n","protected":false},"author":4,"featured_media":0,"comment_status":"open","ping_status":"open","sticky":false,"template":"","format":"standard","meta":{"_kadence_starter_templates_imported_post":false,"_kad_post_transparent":"","_kad_post_title":"","_kad_post_layout":"","_kad_post_sidebar_id":"","_kad_post_content_style":"","_kad_post_vertical_padding":"","_kad_post_feature":"","_kad_post_feature_position":"","_kad_post_header":false,"_kad_post_footer":false,"_kad_post_classname":"","jetpack_post_was_ever_published":false,"_jetpack_newsletter_access":"","_jetpack_dont_email_post_to_subs":false,"_jetpack_newsletter_tier_id":0,"_jetpack_memberships_contains_paywalled_content":false,"_jetpack_memberships_contains_paid_content":false,"footnotes":""},"categories":[16],"tags":[577,49,50,120,15,176,52,154,19,83,103,249,645],"class_list":["post-5165","post","type-post","status-publish","format-standard","hentry","category-economics","tag-577","tag-asylum-policy","tag-asylum-seekers","tag-data-analysis","tag-economic-impact","tag-economic-integration","tag-french-language","tag-interviews","tag-labour-market","tag-labour-market-policy","tag-refugees","tag-report","tag-sfm-studies"],"jetpack_featured_media_url":"","jetpack_sharing_enabled":true,"_links":{"self":[{"href":"https:\/\/swissmig.unine.ch\/index.php?rest_route=\/wp\/v2\/posts\/5165","targetHints":{"allow":["GET"]}}],"collection":[{"href":"https:\/\/swissmig.unine.ch\/index.php?rest_route=\/wp\/v2\/posts"}],"about":[{"href":"https:\/\/swissmig.unine.ch\/index.php?rest_route=\/wp\/v2\/types\/post"}],"author":[{"embeddable":true,"href":"https:\/\/swissmig.unine.ch\/index.php?rest_route=\/wp\/v2\/users\/4"}],"replies":[{"embeddable":true,"href":"https:\/\/swissmig.unine.ch\/index.php?rest_route=%2Fwp%2Fv2%2Fcomments&post=5165"}],"version-history":[{"count":0,"href":"https:\/\/swissmig.unine.ch\/index.php?rest_route=\/wp\/v2\/posts\/5165\/revisions"}],"wp:attachment":[{"href":"https:\/\/swissmig.unine.ch\/index.php?rest_route=%2Fwp%2Fv2%2Fmedia&parent=5165"}],"wp:term":[{"taxonomy":"category","embeddable":true,"href":"https:\/\/swissmig.unine.ch\/index.php?rest_route=%2Fwp%2Fv2%2Fcategories&post=5165"},{"taxonomy":"post_tag","embeddable":true,"href":"https:\/\/swissmig.unine.ch\/index.php?rest_route=%2Fwp%2Fv2%2Ftags&post=5165"}],"curies":[{"name":"wp","href":"https:\/\/api.w.org\/{rel}","templated":true}]}}