{"id":513,"date":"2017-09-05T15:19:12","date_gmt":"2017-09-05T14:19:12","guid":{"rendered":"https:\/\/swissmig.wordpress.com\/?p=513"},"modified":"2017-09-05T15:19:12","modified_gmt":"2017-09-05T14:19:12","slug":"les-tamouls-en-suisse-lemergence-dune-communaute-post-asilaire","status":"publish","type":"post","link":"https:\/\/swissmig.unine.ch\/?p=513","title":{"rendered":"Les Tamouls en Suisse: l\u2019\u00e9mergence d\u2019une communaut\u00e9 post-asilaire ?"},"content":{"rendered":"<h3>Author(s) : Christopher Mcdowell<\/h3>\n<h3>Source : <a href=\"https:\/\/hommesmigrations.revues.org\/685\" target=\"_blank\" rel=\"noopener\">https:\/\/hommesmigrations.revues.org\/685<\/a><\/h3>\n<p><strong>Abstract: <\/strong><!--more--><\/p>\n<p>En Suisse, la communaut\u00e9 tamoule peine \u00e0 trouver son unit\u00e9. Les vagues successives de migrants qui la composent, les diff\u00e9rences de positionnement politique et de niveau social entre ses membres brouillent son homog\u00e9n\u00e9it\u00e9. Jusqu\u2019\u00e0 pr\u00e9sent, l\u2019emprise des LTTE masquait ces divisions internes en ralliant les Tamouls, de mani\u00e8re volontaire ou forc\u00e9e, sous la banni\u00e8re de l\u2019Eelam tamoul. La fin de la guerre ouvre des possibilit\u00e9s in\u00e9dites pour une structuration renouvel\u00e9e des Tamouls de Suisse et une meilleure implication dans la vie de leur territoire d\u2019accueil.<\/p>\n<p>&nbsp;<\/p>\n","protected":false},"excerpt":{"rendered":"<p>Author(s) : Christopher Mcdowell Source : https:\/\/hommesmigrations.revues.org\/685 Abstract:<\/p>\n","protected":false},"author":4,"featured_media":0,"comment_status":"open","ping_status":"open","sticky":false,"template":"","format":"standard","meta":{"_kadence_starter_templates_imported_post":false,"_kad_post_transparent":"","_kad_post_title":"","_kad_post_layout":"","_kad_post_sidebar_id":"","_kad_post_content_style":"","_kad_post_vertical_padding":"","_kad_post_feature":"","_kad_post_feature_position":"","_kad_post_header":false,"_kad_post_footer":false,"_kad_post_classname":"","jetpack_post_was_ever_published":false,"_jetpack_newsletter_access":"","_jetpack_dont_email_post_to_subs":false,"_jetpack_newsletter_tier_id":0,"_jetpack_memberships_contains_paywalled_content":false,"_jetpack_memberships_contains_paid_content":false,"footnotes":""},"categories":[43],"tags":[75,7,151,136,52,91,215,26],"class_list":["post-513","post","type-post","status-publish","format-standard","hentry","category-the-migration-phenomenon","tag-75","tag-article","tag-cultural-identity","tag-diasporas","tag-french-language","tag-social-integration","tag-tamils","tag-transnationalism"],"jetpack_featured_media_url":"","jetpack_sharing_enabled":true,"_links":{"self":[{"href":"https:\/\/swissmig.unine.ch\/index.php?rest_route=\/wp\/v2\/posts\/513","targetHints":{"allow":["GET"]}}],"collection":[{"href":"https:\/\/swissmig.unine.ch\/index.php?rest_route=\/wp\/v2\/posts"}],"about":[{"href":"https:\/\/swissmig.unine.ch\/index.php?rest_route=\/wp\/v2\/types\/post"}],"author":[{"embeddable":true,"href":"https:\/\/swissmig.unine.ch\/index.php?rest_route=\/wp\/v2\/users\/4"}],"replies":[{"embeddable":true,"href":"https:\/\/swissmig.unine.ch\/index.php?rest_route=%2Fwp%2Fv2%2Fcomments&post=513"}],"version-history":[{"count":0,"href":"https:\/\/swissmig.unine.ch\/index.php?rest_route=\/wp\/v2\/posts\/513\/revisions"}],"wp:attachment":[{"href":"https:\/\/swissmig.unine.ch\/index.php?rest_route=%2Fwp%2Fv2%2Fmedia&parent=513"}],"wp:term":[{"taxonomy":"category","embeddable":true,"href":"https:\/\/swissmig.unine.ch\/index.php?rest_route=%2Fwp%2Fv2%2Fcategories&post=513"},{"taxonomy":"post_tag","embeddable":true,"href":"https:\/\/swissmig.unine.ch\/index.php?rest_route=%2Fwp%2Fv2%2Ftags&post=513"}],"curies":[{"name":"wp","href":"https:\/\/api.w.org\/{rel}","templated":true}]}}