{"id":497,"date":"2017-09-05T14:41:29","date_gmt":"2017-09-05T13:41:29","guid":{"rendered":"https:\/\/swissmig.wordpress.com\/?p=497"},"modified":"2017-09-05T14:41:29","modified_gmt":"2017-09-05T13:41:29","slug":"les-petits-et-les-grands-arrangements-letat-bilateral-une-reponse-au-defi-quotidien-de-lechange-des-populations-une-histoire-diplomatique-de-la-migration-et-du-droit-des-migrants","status":"publish","type":"post","link":"https:\/\/swissmig.unine.ch\/?p=497","title":{"rendered":"Les petits et les grands arrangements. L\u2019\u00e9tat bilat\u00e9ral : une r\u00e9ponse au d\u00e9fi quotidien de l\u2019\u00e9change des populations. Une histoire diplomatique de la migration et du droit des migrants entre France et Suisse. Organisation, acteurs et enjeux (inter)nationaux. Milieux du xixe si\u00e8cle &#8211; 1939"},"content":{"rendered":"<h3>Author(s) : St\u00e9phanie Leu<\/h3>\n<h3>Source : <a href=\"https:\/\/acrh.revues.org\/5029?lang=fr\" target=\"_blank\" rel=\"noopener\">https:\/\/acrh.revues.org\/5029?lang=fr<\/a><\/h3>\n<p><strong>Abstract: <\/strong><!--more--><\/p>\n<div id=\"ASec2\" class=\"AbstractSection\">\n<div id=\"abstract-3090-fr\" class=\"tabContent\" lang=\"fr\" xml:lang=\"fr\">\n<p class=\"resume\">Th\u00e8se soutenue le 6 d\u00e9cembre 201.<\/p>\n<div id=\"abstract-3090-fr\" class=\"tabContent hidden\" lang=\"fr\" xml:lang=\"fr\"><\/div>\n<div id=\"abstract-3090-en\" class=\"tabContent\" lang=\"en\" xml:lang=\"en\"><\/div>\n<\/div>\n<div id=\"abstract-3090-en\" class=\"tabContent hidden\" lang=\"en\" xml:lang=\"en\"><\/div>\n<\/div>\n<p>&nbsp;<\/p>\n","protected":false},"excerpt":{"rendered":"<p>Author(s) : St\u00e9phanie Leu Source : https:\/\/acrh.revues.org\/5029?lang=fr Abstract:<\/p>\n","protected":false},"author":4,"featured_media":0,"comment_status":"open","ping_status":"open","sticky":false,"template":"","format":"standard","meta":{"_kadence_starter_templates_imported_post":false,"_kad_post_transparent":"","_kad_post_title":"","_kad_post_layout":"","_kad_post_sidebar_id":"","_kad_post_content_style":"","_kad_post_vertical_padding":"","_kad_post_feature":"","_kad_post_feature_position":"","_kad_post_header":false,"_kad_post_footer":false,"_kad_post_classname":"","jetpack_post_was_ever_published":false,"_jetpack_newsletter_access":"","_jetpack_dont_email_post_to_subs":false,"_jetpack_newsletter_tier_id":0,"_jetpack_memberships_contains_paywalled_content":false,"_jetpack_memberships_contains_paid_content":false,"footnotes":""},"categories":[35],"tags":[75,49,197,52,218,36,219],"class_list":["post-497","post","type-post","status-publish","format-standard","hentry","category-history","tag-75","tag-asylum-policy","tag-france","tag-french-language","tag-international-relations","tag-migration-policy","tag-thesis"],"jetpack_featured_media_url":"","jetpack_sharing_enabled":true,"_links":{"self":[{"href":"https:\/\/swissmig.unine.ch\/index.php?rest_route=\/wp\/v2\/posts\/497","targetHints":{"allow":["GET"]}}],"collection":[{"href":"https:\/\/swissmig.unine.ch\/index.php?rest_route=\/wp\/v2\/posts"}],"about":[{"href":"https:\/\/swissmig.unine.ch\/index.php?rest_route=\/wp\/v2\/types\/post"}],"author":[{"embeddable":true,"href":"https:\/\/swissmig.unine.ch\/index.php?rest_route=\/wp\/v2\/users\/4"}],"replies":[{"embeddable":true,"href":"https:\/\/swissmig.unine.ch\/index.php?rest_route=%2Fwp%2Fv2%2Fcomments&post=497"}],"version-history":[{"count":0,"href":"https:\/\/swissmig.unine.ch\/index.php?rest_route=\/wp\/v2\/posts\/497\/revisions"}],"wp:attachment":[{"href":"https:\/\/swissmig.unine.ch\/index.php?rest_route=%2Fwp%2Fv2%2Fmedia&parent=497"}],"wp:term":[{"taxonomy":"category","embeddable":true,"href":"https:\/\/swissmig.unine.ch\/index.php?rest_route=%2Fwp%2Fv2%2Fcategories&post=497"},{"taxonomy":"post_tag","embeddable":true,"href":"https:\/\/swissmig.unine.ch\/index.php?rest_route=%2Fwp%2Fv2%2Ftags&post=497"}],"curies":[{"name":"wp","href":"https:\/\/api.w.org\/{rel}","templated":true}]}}