{"id":491,"date":"2017-09-05T14:30:44","date_gmt":"2017-09-05T13:30:44","guid":{"rendered":"https:\/\/swissmig.wordpress.com\/?p=491"},"modified":"2017-09-05T14:30:44","modified_gmt":"2017-09-05T13:30:44","slug":"partenariats-migratoires-suisses-et-accords-de-cooperation-migratoire-gestion-ou-gouvernance-des-migrations-internationales","status":"publish","type":"post","link":"https:\/\/swissmig.unine.ch\/?p=491","title":{"rendered":"Partenariats migratoires suisses et accords de coop\u00e9ration migratoire: gestion ou gouvernance des migrations internationales?"},"content":{"rendered":"<h3>Author(s) : Marion Panizzon<\/h3>\n<h3>Source : <a href=\"http:\/\/jusletter.weblaw.ch\/fr\/juslissues\/2013\/715\/_11417.html__ONCE\" target=\"_blank\" rel=\"noopener\">http:\/\/jusletter.weblaw.ch\/fr\/juslissues\/2013\/715\/_11417.html__ONCE<\/a><\/h3>\n<p><strong>Abstract: <\/strong><!--more--><\/p>\n<div id=\"ASec2\" class=\"AbstractSection\">\n<div id=\"abstract-3090-fr\" class=\"tabContent\" lang=\"fr\" xml:lang=\"fr\">\n<p class=\"resume\">Cet article met en relation les accords de coop\u00e9ration en mati\u00e8re de migration avec les partenariats migratoires (PM) en les contextualisant dans un rapport de concurrence et de compl\u00e9mentarit\u00e9. Nous verrons que les PM sont des instruments de dialogue \u00e0 long terme et peuvent avoir diff\u00e9rents degr\u00e9s de formalisation r\u00e9pondant \u00e0 une approche de \u00ab gouvernance \u00bb, tandis que les accords de coop\u00e9ration, qui sont des accords de r\u00e9admission de seconde g\u00e9n\u00e9ration, r\u00e9pondent \u00e0 une notion technocrate et n\u00e9o-fonctionnaliste \u00ab top down \u00bb, associ\u00e9e au concept de \u00ab gestion \u00bb des flux migratoires.<\/p>\n<div id=\"abstract-3090-fr\" class=\"tabContent hidden\" lang=\"fr\" xml:lang=\"fr\"><\/div>\n<div id=\"abstract-3090-en\" class=\"tabContent\" lang=\"en\" xml:lang=\"en\"><\/div>\n<\/div>\n<div id=\"abstract-3090-en\" class=\"tabContent hidden\" lang=\"en\" xml:lang=\"en\"><\/div>\n<\/div>\n<p>&nbsp;<\/p>\n","protected":false},"excerpt":{"rendered":"<p>Author(s) : Marion Panizzon Source : http:\/\/jusletter.weblaw.ch\/fr\/juslissues\/2013\/715\/_11417.html__ONCE Abstract:<\/p>\n","protected":false},"author":4,"featured_media":0,"comment_status":"open","ping_status":"open","sticky":false,"template":"","format":"standard","meta":{"_kadence_starter_templates_imported_post":false,"_kad_post_transparent":"","_kad_post_title":"","_kad_post_layout":"","_kad_post_sidebar_id":"","_kad_post_content_style":"","_kad_post_vertical_padding":"","_kad_post_feature":"","_kad_post_feature_position":"","_kad_post_header":false,"_kad_post_footer":false,"_kad_post_classname":"","jetpack_post_was_ever_published":false,"_jetpack_newsletter_access":"","_jetpack_dont_email_post_to_subs":false,"_jetpack_newsletter_tier_id":0,"_jetpack_memberships_contains_paywalled_content":false,"_jetpack_memberships_contains_paid_content":false,"footnotes":""},"categories":[53],"tags":[75,7,49,52,216,18,217,20],"class_list":["post-491","post","type-post","status-publish","format-standard","hentry","category-law","tag-75","tag-article","tag-asylum-policy","tag-french-language","tag-international-cooperation","tag-international-migration","tag-migration-agreements","tag-migration-flows"],"jetpack_featured_media_url":"","jetpack_sharing_enabled":true,"_links":{"self":[{"href":"https:\/\/swissmig.unine.ch\/index.php?rest_route=\/wp\/v2\/posts\/491","targetHints":{"allow":["GET"]}}],"collection":[{"href":"https:\/\/swissmig.unine.ch\/index.php?rest_route=\/wp\/v2\/posts"}],"about":[{"href":"https:\/\/swissmig.unine.ch\/index.php?rest_route=\/wp\/v2\/types\/post"}],"author":[{"embeddable":true,"href":"https:\/\/swissmig.unine.ch\/index.php?rest_route=\/wp\/v2\/users\/4"}],"replies":[{"embeddable":true,"href":"https:\/\/swissmig.unine.ch\/index.php?rest_route=%2Fwp%2Fv2%2Fcomments&post=491"}],"version-history":[{"count":0,"href":"https:\/\/swissmig.unine.ch\/index.php?rest_route=\/wp\/v2\/posts\/491\/revisions"}],"wp:attachment":[{"href":"https:\/\/swissmig.unine.ch\/index.php?rest_route=%2Fwp%2Fv2%2Fmedia&parent=491"}],"wp:term":[{"taxonomy":"category","embeddable":true,"href":"https:\/\/swissmig.unine.ch\/index.php?rest_route=%2Fwp%2Fv2%2Fcategories&post=491"},{"taxonomy":"post_tag","embeddable":true,"href":"https:\/\/swissmig.unine.ch\/index.php?rest_route=%2Fwp%2Fv2%2Ftags&post=491"}],"curies":[{"name":"wp","href":"https:\/\/api.w.org\/{rel}","templated":true}]}}