{"id":421,"date":"2017-08-31T08:17:07","date_gmt":"2017-08-31T07:17:07","guid":{"rendered":"https:\/\/swissmig.wordpress.com\/?p=421"},"modified":"2017-08-31T08:17:07","modified_gmt":"2017-08-31T07:17:07","slug":"frontieres-territoriales-et-ideologiques-un-siecle-daffiches-politiques-en-suisse-1918-2013","status":"publish","type":"post","link":"https:\/\/swissmig.unine.ch\/?p=421","title":{"rendered":"Fronti\u00e8res territoriales et id\u00e9ologiques Un si\u00e8cle d\u2019affiches politiques en Suisse (1918-2013)"},"content":{"rendered":"<h3>Author(s) : Christelle Maire, Francesco Garufo<\/h3>\n<h3>Source : <a href=\"https:\/\/hommesmigrations.revues.org\/2658\" target=\"_blank\" rel=\"noopener\">https:\/\/hommesmigrations.revues.org\/2658<\/a><\/h3>\n<p><strong>Abstract: <\/strong><!--more--><\/p>\n<div class=\"panel-pane pane-content-field pane-field-abstract\"><\/div>\n<div>En Suisse, les repr\u00e9sentations de l&#8217;Autre comme menace sont r\u00e9currentes dans le d\u00e9bat politique. Depuis la fin du XIXe si\u00e8cle jusqu\u2019aux pol\u00e9miques r\u00e9centes sur la construction de minarets, la place de l&#8217;\u00e9tranger ne cesse de faire question. Les fronti\u00e8res de la Conf\u00e9d\u00e9ration helv\u00e9tique sont r\u00e9guli\u00e8rement mises en avant pour symboliser la n\u00e9cessit\u00e9 d&#8217;int\u00e9grer les \u00e9trangers ou, au contraire, la tentation du repli sur soi. L&#8217;iconographie de la fronti\u00e8re t\u00e9moigne de sa double dimension paradoxale \u00e0 la fois d\u2019entr\u00e9e et de mur.<\/div>\n<p>&nbsp;<\/p>\n","protected":false},"excerpt":{"rendered":"<p>Author(s) : Christelle Maire, Francesco Garufo Source : https:\/\/hommesmigrations.revues.org\/2658 Abstract:<\/p>\n","protected":false},"author":4,"featured_media":0,"comment_status":"open","ping_status":"open","sticky":false,"template":"","format":"standard","meta":{"_kadence_starter_templates_imported_post":false,"_kad_post_transparent":"","_kad_post_title":"","_kad_post_layout":"","_kad_post_sidebar_id":"","_kad_post_content_style":"","_kad_post_vertical_padding":"","_kad_post_feature":"","_kad_post_feature_position":"","_kad_post_header":false,"_kad_post_footer":false,"_kad_post_classname":"","jetpack_post_was_ever_published":false,"_jetpack_newsletter_access":"","_jetpack_dont_email_post_to_subs":false,"_jetpack_newsletter_tier_id":0,"_jetpack_memberships_contains_paywalled_content":false,"_jetpack_memberships_contains_paid_content":false,"footnotes":""},"categories":[167],"tags":[75,7,173,151,152,121,52,87,65,172,115,174,123],"class_list":["post-421","post","type-post","status-publish","format-standard","hentry","category-ethnicity-languages-religion-arts","tag-75","tag-article","tag-cross-cultural-communication","tag-cultural-identity","tag-discourse","tag-ethnic-minorities","tag-french-language","tag-history","tag-language","tag-literacy","tag-mass-media","tag-nationalism","tag-political-participation"],"jetpack_featured_media_url":"","jetpack_sharing_enabled":true,"_links":{"self":[{"href":"https:\/\/swissmig.unine.ch\/index.php?rest_route=\/wp\/v2\/posts\/421","targetHints":{"allow":["GET"]}}],"collection":[{"href":"https:\/\/swissmig.unine.ch\/index.php?rest_route=\/wp\/v2\/posts"}],"about":[{"href":"https:\/\/swissmig.unine.ch\/index.php?rest_route=\/wp\/v2\/types\/post"}],"author":[{"embeddable":true,"href":"https:\/\/swissmig.unine.ch\/index.php?rest_route=\/wp\/v2\/users\/4"}],"replies":[{"embeddable":true,"href":"https:\/\/swissmig.unine.ch\/index.php?rest_route=%2Fwp%2Fv2%2Fcomments&post=421"}],"version-history":[{"count":0,"href":"https:\/\/swissmig.unine.ch\/index.php?rest_route=\/wp\/v2\/posts\/421\/revisions"}],"wp:attachment":[{"href":"https:\/\/swissmig.unine.ch\/index.php?rest_route=%2Fwp%2Fv2%2Fmedia&parent=421"}],"wp:term":[{"taxonomy":"category","embeddable":true,"href":"https:\/\/swissmig.unine.ch\/index.php?rest_route=%2Fwp%2Fv2%2Fcategories&post=421"},{"taxonomy":"post_tag","embeddable":true,"href":"https:\/\/swissmig.unine.ch\/index.php?rest_route=%2Fwp%2Fv2%2Ftags&post=421"}],"curies":[{"name":"wp","href":"https:\/\/api.w.org\/{rel}","templated":true}]}}