{"id":3941,"date":"2020-07-20T08:00:00","date_gmt":"2020-07-20T07:00:00","guid":{"rendered":"https:\/\/swissmig.wordpress.com\/?p=3941"},"modified":"2020-07-20T08:00:00","modified_gmt":"2020-07-20T07:00:00","slug":"konturen-eines-kompromisses-die-migrationspolitischen-positionen-schweizerischer-parteien-und-verbande-im-wandel","status":"publish","type":"post","link":"https:\/\/swissmig.unine.ch\/?p=3941","title":{"rendered":"Konturen eines Kompromisses? die migrationspolitischen Positionen schweizerischer Parteien und Verb\u00e4nde im Wandel"},"content":{"rendered":"<h3>Author(s) : Hans Mahnig<\/h3>\n<h3>Source : <a href=\"https:\/\/libra.unine.ch\/handle\/123456789\/17997\" target=\"_blank\" rel=\"noopener\">https:\/\/libra.unine.ch\/handle\/123456789\/17997<\/a><\/h3>\n<p><strong>Abstract: <\/strong><!--more--><\/p>\n<blockquote><p>&#8220;Der Bericht ist die Fortsetzung der Untersuchung &#8220;Das migrationspolitische Feld der Schweiz&#8221; und wurde ebenfalls als Auftrag des BFF ausgef\u00fchrt. Er fragt nach der Validit\u00e4t der Positionen der verschiedenen Akteure, die an der Vernehmlassung zum Arbenzbericht teilgenommen hatten und versucht herauszufinden, welche Chancen bestehen, dass die gegenw\u00e4rtige blockierte Situation sich in Zukunft ver\u00e4ndert. Um dies zu untersuchen, m\u00fcssen die Positionen der wichtigsten migrationpolitischen Akteure &#8211; der Parteien, wirtschaftlichen Interessengruppen sowie der Gewerkschaften und humanit\u00e4ren Organisationen &#8211; im Zeitverlauf untersucht werden (der gew\u00e4hlte Zeitabschnitt betrifft die zwei letzten Jahrzehnte). Als politisch machbarer Kompromiss zeichnen sich dabei folgende Optionen ab: Erstens, die Einf\u00fchrung der Freiz\u00fcgigkeit mit Europa erscheint als realistisches Ziel, wenn sie progressiv eingef\u00fchrt wird und die \u00f6ffentliche Meinung davon \u00fcberzeugt wird, dass effiziente Massnahmen gegen Sozialdumping und eine zu starke Einwanderung ergriffen werden; zweitens, die Einf\u00fchrung der Freiz\u00fcgigkeit mit Europa verlangt im Gegenzug eine Reduktion der Einwanderung von ausserhalb Europas; drittens, ein Kurzaufenthalter-Statut, welches mit den innerhalb der EU herrschenden Regeln vereinbar w\u00e4re und das Saisonnierstatut abl\u00f6sen w\u00fcrde, scheint akzeptierbar; viertens, Ausl\u00e4nderpolitik und Asylpolitik m\u00fcssen zwei getrennte Bereiche bleiben, die Idee, beide zusammenzulegen, trifft auf eine weitgehende Opposition; f\u00fcnftens, die Einf\u00fchrung einer Integrationspolitik sollte nicht auf un\u00fcberwindbare Hindernisse stossen, solange sie als im Interesse aller Bewohner der Schweiz pr\u00e4sentiert wird; sechstens, ein Migrationsgesetz hat nur in Form eines allgemeinen Rahmengesetzes eine Chance angenommen zu werden.&#8221;<\/p>\n<p><strong>Keywords<\/strong>: democracy, Europe, freedom of movement, migration policy, referendums and initiatives, SFM Studies, integration policy<\/p><\/blockquote>\n","protected":false},"excerpt":{"rendered":"<p>Author(s) : Hans Mahnig Source : https:\/\/libra.unine.ch\/handle\/123456789\/17997 Abstract:<\/p>\n","protected":false},"author":4,"featured_media":0,"comment_status":"open","ping_status":"open","sticky":false,"template":"","format":"standard","meta":{"_kadence_starter_templates_imported_post":false,"_kad_post_transparent":"","_kad_post_title":"","_kad_post_layout":"","_kad_post_sidebar_id":"","_kad_post_content_style":"","_kad_post_vertical_padding":"","_kad_post_feature":"","_kad_post_feature_position":"","_kad_post_header":false,"_kad_post_footer":false,"_kad_post_classname":"","jetpack_post_was_ever_published":false,"_jetpack_newsletter_access":"","_jetpack_dont_email_post_to_subs":false,"_jetpack_newsletter_tier_id":0,"_jetpack_memberships_contains_paywalled_content":false,"_jetpack_memberships_contains_paid_content":false,"footnotes":""},"categories":[12],"tags":[577,49,252,58,107,73,387,36,487,11,94,361,249,645,676,96],"class_list":["post-3941","post","type-post","status-publish","format-standard","hentry","category-politics","tag-577","tag-asylum-policy","tag-democracy","tag-europe","tag-freedom-of-movement","tag-german-language","tag-integration-policy","tag-migration-policy","tag-ngos","tag-political-parties","tag-political-system","tag-referendums-and-initiatives","tag-report","tag-sfm-studies","tag-trade-unions","tag-voting-behaviour"],"jetpack_featured_media_url":"","jetpack_sharing_enabled":true,"_links":{"self":[{"href":"https:\/\/swissmig.unine.ch\/index.php?rest_route=\/wp\/v2\/posts\/3941","targetHints":{"allow":["GET"]}}],"collection":[{"href":"https:\/\/swissmig.unine.ch\/index.php?rest_route=\/wp\/v2\/posts"}],"about":[{"href":"https:\/\/swissmig.unine.ch\/index.php?rest_route=\/wp\/v2\/types\/post"}],"author":[{"embeddable":true,"href":"https:\/\/swissmig.unine.ch\/index.php?rest_route=\/wp\/v2\/users\/4"}],"replies":[{"embeddable":true,"href":"https:\/\/swissmig.unine.ch\/index.php?rest_route=%2Fwp%2Fv2%2Fcomments&post=3941"}],"version-history":[{"count":0,"href":"https:\/\/swissmig.unine.ch\/index.php?rest_route=\/wp\/v2\/posts\/3941\/revisions"}],"wp:attachment":[{"href":"https:\/\/swissmig.unine.ch\/index.php?rest_route=%2Fwp%2Fv2%2Fmedia&parent=3941"}],"wp:term":[{"taxonomy":"category","embeddable":true,"href":"https:\/\/swissmig.unine.ch\/index.php?rest_route=%2Fwp%2Fv2%2Fcategories&post=3941"},{"taxonomy":"post_tag","embeddable":true,"href":"https:\/\/swissmig.unine.ch\/index.php?rest_route=%2Fwp%2Fv2%2Ftags&post=3941"}],"curies":[{"name":"wp","href":"https:\/\/api.w.org\/{rel}","templated":true}]}}