{"id":394,"date":"2017-08-26T21:39:45","date_gmt":"2017-08-26T20:39:45","guid":{"rendered":"https:\/\/swissmig.wordpress.com\/?p=394"},"modified":"2017-08-26T21:39:45","modified_gmt":"2017-08-26T20:39:45","slug":"quels-sont-les-facteurs-qui-renforcent-lexigence-dapprentissage-par-les-migrants-de-la-langue-du-pays-daccueil","status":"publish","type":"post","link":"https:\/\/swissmig.unine.ch\/?p=394","title":{"rendered":"Quels sont les facteurs qui renforcent l\u2019exigence d\u2019apprentissage par les migrants de la langue du pays d\u2019accueil ?"},"content":{"rendered":"<h3>Author(s) : Fran\u00e7ois Grin, Guillaume F\u00fcrst<\/h3>\n<h3>Source : <a href=\"https:\/\/www.degruyter.com\/view\/books\/9783110477498\/9783110477498-009\/9783110477498-009.xml\" target=\"_blank\" rel=\"noopener\">https:\/\/www.degruyter.com\/view\/books\/9783110477498\/9783110477498-009\/9783110477498-009.xml<\/a><\/h3>\n<p><strong>Abstract: <\/strong><!--more--><\/p>\n<div class=\"panel-pane pane-content-field pane-field-abstract\">\n<div class=\"pane-content\">\n<div class=\"field field-type-text field-field-abstract\">\n<div class=\"field-items\">\n<div class=\"field-item odd\">\n<p>Cette \u00e9tude montre, sur la base d\u2019une enqu\u00eate aupr\u00e8s de plus de 40 000 jeunes gens, que la n\u00e9cessit\u00e9 de l\u2019apprentissage de la langue du pays d\u2019accueil fait l\u2019objet d\u2019un consensus social quasi unanime, que le capital culturel et l\u2019exp\u00e9rience des voyages tendent \u00e0 renforcer, mais qui transcende largement les diff\u00e9rences sociales et inter-r\u00e9gionales. L\u2019attente d\u2019apprentissage reste compatible avec des attitudes positives envers l\u2019immigration, sugg\u00e9rant qu\u2019il existe, chez les citoyens, une demande pour des politiques d\u2019int\u00e9gration, dont la langue est une composante essentielle.<\/p>\n<p>English :<\/p>\n<p>This study shows, based on a survey carried out among more than 40,000 young people, that there is an almost unanimous social consensus concerning the need to learn the language of the host country, a consensus which tends to be reinforced by cultural capital and experience gained from travelling but largely transcends social and inter-regional differences. This learning expectation remains compatible with positive attitudes towards immigration, which suggests that citizens see a requirement for integration policies of which language is a vital component.<\/p>\n<\/div>\n<\/div>\n<\/div>\n<\/div>\n<\/div>\n<p>&nbsp;<\/p>\n<div><\/div>\n<p>&nbsp;<\/p>\n","protected":false},"excerpt":{"rendered":"<p>Author(s) : Fran\u00e7ois Grin, Guillaume F\u00fcrst Source : https:\/\/www.degruyter.com\/view\/books\/9783110477498\/9783110477498-009\/9783110477498-009.xml Abstract:<\/p>\n","protected":false},"author":4,"featured_media":0,"comment_status":"open","ping_status":"open","sticky":false,"template":"","format":"standard","meta":{"_kadence_starter_templates_imported_post":false,"_kad_post_transparent":"","_kad_post_title":"","_kad_post_layout":"","_kad_post_sidebar_id":"","_kad_post_content_style":"","_kad_post_vertical_padding":"","_kad_post_feature":"","_kad_post_feature_position":"","_kad_post_header":false,"_kad_post_footer":false,"_kad_post_classname":"","jetpack_post_was_ever_published":false,"_jetpack_newsletter_access":"","_jetpack_dont_email_post_to_subs":false,"_jetpack_newsletter_tier_id":0,"_jetpack_memberships_contains_paywalled_content":false,"_jetpack_memberships_contains_paid_content":false,"footnotes":""},"categories":[12],"tags":[48,32,159,52,160,161,162,122,90,91],"class_list":["post-394","post","type-post","status-publish","format-standard","hentry","category-politics","tag-48","tag-book-chapter","tag-community-languages-teaching","tag-french-language","tag-integration-programmes","tag-language-education","tag-language-policy","tag-migrants","tag-reception-policy","tag-social-integration"],"jetpack_featured_media_url":"","jetpack_sharing_enabled":true,"_links":{"self":[{"href":"https:\/\/swissmig.unine.ch\/index.php?rest_route=\/wp\/v2\/posts\/394","targetHints":{"allow":["GET"]}}],"collection":[{"href":"https:\/\/swissmig.unine.ch\/index.php?rest_route=\/wp\/v2\/posts"}],"about":[{"href":"https:\/\/swissmig.unine.ch\/index.php?rest_route=\/wp\/v2\/types\/post"}],"author":[{"embeddable":true,"href":"https:\/\/swissmig.unine.ch\/index.php?rest_route=\/wp\/v2\/users\/4"}],"replies":[{"embeddable":true,"href":"https:\/\/swissmig.unine.ch\/index.php?rest_route=%2Fwp%2Fv2%2Fcomments&post=394"}],"version-history":[{"count":0,"href":"https:\/\/swissmig.unine.ch\/index.php?rest_route=\/wp\/v2\/posts\/394\/revisions"}],"wp:attachment":[{"href":"https:\/\/swissmig.unine.ch\/index.php?rest_route=%2Fwp%2Fv2%2Fmedia&parent=394"}],"wp:term":[{"taxonomy":"category","embeddable":true,"href":"https:\/\/swissmig.unine.ch\/index.php?rest_route=%2Fwp%2Fv2%2Fcategories&post=394"},{"taxonomy":"post_tag","embeddable":true,"href":"https:\/\/swissmig.unine.ch\/index.php?rest_route=%2Fwp%2Fv2%2Ftags&post=394"}],"curies":[{"name":"wp","href":"https:\/\/api.w.org\/{rel}","templated":true}]}}