{"id":3938,"date":"2020-07-20T08:00:26","date_gmt":"2020-07-20T07:00:26","guid":{"rendered":"https:\/\/swissmig.wordpress.com\/?p=3938"},"modified":"2020-07-20T08:00:26","modified_gmt":"2020-07-20T07:00:26","slug":"le-mariage-fictif-dans-le-droit-des-etrangers","status":"publish","type":"post","link":"https:\/\/swissmig.unine.ch\/?p=3938","title":{"rendered":"Le mariage fictif dans le droit des \u00e9trangers"},"content":{"rendered":"<h3>Author(s) : Lara Von Arx<\/h3>\n<h3>Source : <a href=\"https:\/\/serval.unil.ch\/fr\/notice\/serval:BIB_1A96314471A4\" target=\"_blank\" rel=\"noopener\">https:\/\/serval.unil.ch\/fr\/notice\/serval:BIB_1A96314471A4<\/a><\/h3>\n<p><strong>Abstract: <\/strong><!--more--><\/p>\n<blockquote><p>&#8220;Le droit au mariage et la protection de la vie familiale sont fortement ancr\u00e9s dans notre soci\u00e9t\u00e9 et dans les mentalit\u00e9s des gens comme des valeurs fondamentales qu\u2019il faut prot\u00e9ger. On part de l\u2019id\u00e9e que chacun a le droit, en principe,de se marier avec le partenaire de son choix, peu importe le pays d\u2019origine, l\u2019\u00e2ge ou la langue parl\u00e9e par cette personne. N\u00e9anmoins, le mariage avec une personne \u00e9trang\u00e8re d\u00e9clenche toute une s\u00e9rie de proc\u00e9dures, d\u2019effets juridiques. De plus, ils reste des conditions suppl\u00e9mentaires \u00e0 remplir si le mariage est conclu avec une personne qui n\u2019est ni suisse ni titulaire d\u2019un permis B ou C. Pour r\u00e9gler cette situation plus compliqu\u00e9e, il existe un nombre de droits se trouvant dans plusieurs textes l\u00e9gaux. Au d\u00e9but de ce travail, nous examinerons les diff\u00e9rentes bases l\u00e9gales du droit au mariage. Il convient de pr\u00e9ciser que les questions li\u00e9es aux enfants ne seront pas trait\u00e9es dans le cadre de ce travail, m\u00eame s\u2019ils sont certes li\u00e9s \u00e0 cette probl\u00e9matique ayant une haute importance dans la pratique.&#8221;<\/p><\/blockquote>\n<p>&nbsp;<\/p>\n","protected":false},"excerpt":{"rendered":"<p>Author(s) : Lara Von Arx Source : https:\/\/serval.unil.ch\/fr\/notice\/serval:BIB_1A96314471A4 Abstract:<\/p>\n","protected":false},"author":4,"featured_media":0,"comment_status":"open","ping_status":"open","sticky":false,"template":"","format":"standard","meta":{"_kadence_starter_templates_imported_post":false,"_kad_post_transparent":"","_kad_post_title":"","_kad_post_layout":"","_kad_post_sidebar_id":"","_kad_post_content_style":"","_kad_post_vertical_padding":"","_kad_post_feature":"","_kad_post_feature_position":"","_kad_post_header":false,"_kad_post_footer":false,"_kad_post_classname":"","jetpack_post_was_ever_published":false,"_jetpack_newsletter_access":"","_jetpack_dont_email_post_to_subs":false,"_jetpack_newsletter_tier_id":0,"_jetpack_memberships_contains_paywalled_content":false,"_jetpack_memberships_contains_paid_content":false,"footnotes":""},"categories":[53],"tags":[14,362,307,92,583,28,52,128,179,319,370],"class_list":["post-3938","post","type-post","status-publish","format-standard","hentry","category-law","tag-14","tag-access-to-employment","tag-civil-and-political-rights","tag-country-of-origin","tag-ethics","tag-foreigners","tag-french-language","tag-human-rights","tag-marriage","tag-master-thesis","tag-vaud"],"jetpack_featured_media_url":"","jetpack_sharing_enabled":true,"_links":{"self":[{"href":"https:\/\/swissmig.unine.ch\/index.php?rest_route=\/wp\/v2\/posts\/3938","targetHints":{"allow":["GET"]}}],"collection":[{"href":"https:\/\/swissmig.unine.ch\/index.php?rest_route=\/wp\/v2\/posts"}],"about":[{"href":"https:\/\/swissmig.unine.ch\/index.php?rest_route=\/wp\/v2\/types\/post"}],"author":[{"embeddable":true,"href":"https:\/\/swissmig.unine.ch\/index.php?rest_route=\/wp\/v2\/users\/4"}],"replies":[{"embeddable":true,"href":"https:\/\/swissmig.unine.ch\/index.php?rest_route=%2Fwp%2Fv2%2Fcomments&post=3938"}],"version-history":[{"count":0,"href":"https:\/\/swissmig.unine.ch\/index.php?rest_route=\/wp\/v2\/posts\/3938\/revisions"}],"wp:attachment":[{"href":"https:\/\/swissmig.unine.ch\/index.php?rest_route=%2Fwp%2Fv2%2Fmedia&parent=3938"}],"wp:term":[{"taxonomy":"category","embeddable":true,"href":"https:\/\/swissmig.unine.ch\/index.php?rest_route=%2Fwp%2Fv2%2Fcategories&post=3938"},{"taxonomy":"post_tag","embeddable":true,"href":"https:\/\/swissmig.unine.ch\/index.php?rest_route=%2Fwp%2Fv2%2Ftags&post=3938"}],"curies":[{"name":"wp","href":"https:\/\/api.w.org\/{rel}","templated":true}]}}