{"id":3932,"date":"2020-07-20T08:00:46","date_gmt":"2020-07-20T07:00:46","guid":{"rendered":"https:\/\/swissmig.wordpress.com\/?p=3932"},"modified":"2020-07-20T08:00:46","modified_gmt":"2020-07-20T07:00:46","slug":"les-metamorphoses-de-letranger-utile-internationalisation-et-politique-dimmigration-dans-la-suisse-du-tournant-neoliberal","status":"publish","type":"post","link":"https:\/\/swissmig.unine.ch\/?p=3932","title":{"rendered":"Les m\u00e9tamorphoses de l&#8217;\u00e9tranger utile. Internationalisation et politique d&#8217;immigration dans la Suisse du tournant n\u00e9olib\u00e9ral"},"content":{"rendered":"<h3>Author(s) : Alexandre Afonso<\/h3>\n<h3>Source : <a href=\"https:\/\/doi.org\/10.3917\/aco.041.116\" target=\"_blank\" rel=\"noopener\">https:\/\/doi.org\/10.3917\/aco.041.116<\/a><\/h3>\n<p><strong>Abstract: <\/strong><!--more--><\/p>\n<blockquote><p>&#8220;Cet article analyse les transformations de la politique d\u2019immigration suisse depuis les ann\u00e9es 90 \u00e0 l\u2019aide de deux perspectives d\u2019analyse. La premi\u00e8re se focalise sur les logiques d\u2019apprentissage et met en \u00e9vidence l\u2019influence de l\u2019expertise \u00e9conomique sur les r\u00e9formes de cette politique dans le contexte de d\u00e9t\u00e9rioration des conditions socio-\u00e9conomiques de la fin du XX<sup class=\"exposant\">e<\/sup> si\u00e8cle. La seconde met en \u00e9vidence les changements de pr\u00e9f\u00e9rence et le renforcement des acteurs patronaux r\u00e9sultant du processus d\u2019internationalisation, compris comme une redistribution des ressources de pouvoir entre acteurs domestiques. Ainsi, d\u2019une politique avant tout destin\u00e9e \u00e0 fournir une main-d\u2019\u0153uvre peu qualifi\u00e9e aux secteurs domestiques de l\u2019\u00e9conomie, la politique d\u2019immigration helv\u00e9tique s\u2019est progressivement transform\u00e9e jusqu\u2019\u00e0 avoir pour principal objectif la promotion de la comp\u00e9titivit\u00e9 de l\u2019\u00e9conomie suisse dans un environnement international plus globalis\u00e9. Cette politique s\u2019est mise en place en limitant l\u2019entr\u00e9e de travailleurs extra-europ\u00e9ens peu qualifi\u00e9s d\u2019une part, et d\u2019autre part en promouvant celle de travailleurs tr\u00e8s qualifi\u00e9s employ\u00e9s dans les secteurs \u00e0 haute valeur ajout\u00e9e.&#8221;<\/p><\/blockquote>\n<p>&nbsp;<\/p>\n","protected":false},"excerpt":{"rendered":"<p>Author(s) : Alexandre Afonso Source : https:\/\/doi.org\/10.3917\/aco.041.116 Abstract:<\/p>\n","protected":false},"author":4,"featured_media":0,"comment_status":"open","ping_status":"open","sticky":false,"template":"","format":"standard","meta":{"_kadence_starter_templates_imported_post":false,"_kad_post_transparent":"","_kad_post_title":"","_kad_post_layout":"","_kad_post_sidebar_id":"","_kad_post_content_style":"","_kad_post_vertical_padding":"","_kad_post_feature":"","_kad_post_feature_position":"","_kad_post_header":false,"_kad_post_footer":false,"_kad_post_classname":"","jetpack_post_was_ever_published":false,"_jetpack_newsletter_access":"","_jetpack_dont_email_post_to_subs":false,"_jetpack_newsletter_tier_id":0,"_jetpack_memberships_contains_paywalled_content":false,"_jetpack_memberships_contains_paid_content":false,"footnotes":""},"categories":[12],"tags":[417,7,57,176,52,301,55,87,98,216,19,519,279,384],"class_list":["post-3932","post","type-post","status-publish","format-standard","hentry","category-politics","tag-417","tag-article","tag-comparative-analysis","tag-economic-integration","tag-french-language","tag-globalization","tag-high-skilled-immigrants","tag-history","tag-immigration-policy","tag-international-cooperation","tag-labour-market","tag-low-skilled-immigrants","tag-socioeconomic-factors","tag-workers"],"jetpack_featured_media_url":"","jetpack_sharing_enabled":true,"_links":{"self":[{"href":"https:\/\/swissmig.unine.ch\/index.php?rest_route=\/wp\/v2\/posts\/3932","targetHints":{"allow":["GET"]}}],"collection":[{"href":"https:\/\/swissmig.unine.ch\/index.php?rest_route=\/wp\/v2\/posts"}],"about":[{"href":"https:\/\/swissmig.unine.ch\/index.php?rest_route=\/wp\/v2\/types\/post"}],"author":[{"embeddable":true,"href":"https:\/\/swissmig.unine.ch\/index.php?rest_route=\/wp\/v2\/users\/4"}],"replies":[{"embeddable":true,"href":"https:\/\/swissmig.unine.ch\/index.php?rest_route=%2Fwp%2Fv2%2Fcomments&post=3932"}],"version-history":[{"count":0,"href":"https:\/\/swissmig.unine.ch\/index.php?rest_route=\/wp\/v2\/posts\/3932\/revisions"}],"wp:attachment":[{"href":"https:\/\/swissmig.unine.ch\/index.php?rest_route=%2Fwp%2Fv2%2Fmedia&parent=3932"}],"wp:term":[{"taxonomy":"category","embeddable":true,"href":"https:\/\/swissmig.unine.ch\/index.php?rest_route=%2Fwp%2Fv2%2Fcategories&post=3932"},{"taxonomy":"post_tag","embeddable":true,"href":"https:\/\/swissmig.unine.ch\/index.php?rest_route=%2Fwp%2Fv2%2Ftags&post=3932"}],"curies":[{"name":"wp","href":"https:\/\/api.w.org\/{rel}","templated":true}]}}