{"id":3928,"date":"2020-07-13T08:00:34","date_gmt":"2020-07-13T07:00:34","guid":{"rendered":"https:\/\/swissmig.wordpress.com\/?p=3928"},"modified":"2020-07-13T08:00:34","modified_gmt":"2020-07-13T07:00:34","slug":"historische-und-soziologische-ubersicht-uber-die-migration-in-der-schweiz","status":"publish","type":"post","link":"https:\/\/swissmig.unine.ch\/?p=3928","title":{"rendered":"Historische und soziologische \u00dcbersicht \u00fcber die Migration in der Schweiz"},"content":{"rendered":"<h3>Author(s) : Gianni D\u2019Amato<\/h3>\n<h3>Source : <a href=\"https:\/\/journals.openedition.org\/sjep\/340\" target=\"_blank\" rel=\"noopener\">https:\/\/journals.openedition.org\/sjep\/340<\/a><\/h3>\n<p><strong>Abstract: <\/strong><!--more--><\/p>\n<blockquote><p>&#8220;Eine Inventarisierung des Migrationsph\u00e4nomens in der Schweiz, so unvollst\u00e4ndig deren Darstellung in diesem Beitrag auch sein mag, bietet letztlich die Chance, festgefahrene Paradigmen der sozialwissenschaftlichen Migrationsforschung erneut kritisch zu reflektieren und eine neue \u00dcbersicht \u00fcber die unter hohem Handlungszwang stehenden politischen Bereich zu gewinnen. Der Druck im universit\u00e4ren Forschungsmanagement hat ja bekanntlich dazu gef\u00fchrt, dass spezialisierte akademische Institutionen h\u00e4ufig den Konjunkturen von Immigrationsdebatten und -politiken folgen, anstatt l\u00e4ngerfristig Forschungsressourcen bereitzustellen, die es erm\u00f6glichen, die Einwanderung interdisziplin\u00e4r und kontinuierlich als festen Bestandteil moderner Gesellschaften zu untersuchen. Doch trotz der tagespolitischen und thematischen Brisanz hat es sich die Migrationsforschung bislang entgehen lassen, die Komplexit\u00e4t der Materie und die widerspr\u00fcchlichen Interessen der Akteure \u2013 der Migranten und Migrantinnen wie auch der Ein- und Auswanderungsl\u00e4nder \u2013 theoretisch so zu erfassen, dass die Resultate dieser Analyse auch f\u00fcr eine inklusive Gestaltung der Politik h\u00e4tten nutzbar gemacht werden k\u00f6nnen. Dieser Unterlassungss\u00fcnde seitens der Wissenschaft entspricht auch das Versagen der Politik, die es in den letzten dreissig bis vierzig Jahren in vielen europ\u00e4ischen L\u00e4ndern vers\u00e4umt hat, den Wandel von der \u201eGastarbeiterbev\u00f6lkerung\u201c zur Einwanderungsminorit\u00e4t rechtzeitig zur Kenntnis zu nehmen und auf Basis der neuen Umst\u00e4nde zukunftsf\u00e4hige bev\u00f6lkerungspolitische Konzepte zu entwerfen. Die nun folgende Diskussion m\u00f6chte einen knappen kritischen \u00dcberblick \u00fcber die wichtigsten Dimensionen des Migrationsgeschehens in der Schweiz vermitteln und Anhaltspunkte daf\u00fcr liefern, wie Migration und Entwicklung in einem Kontext globaler gesellschaftlicher Transformationen verstanden werden kann.&#8221;<\/p><\/blockquote>\n<p>&nbsp;<\/p>\n","protected":false},"excerpt":{"rendered":"<p>Author(s) : Gianni D\u2019Amato Source : https:\/\/journals.openedition.org\/sjep\/340 Abstract:<\/p>\n","protected":false},"author":4,"featured_media":0,"comment_status":"open","ping_status":"open","sticky":false,"template":"","format":"standard","meta":{"_kadence_starter_templates_imported_post":false,"_kad_post_transparent":"","_kad_post_title":"","_kad_post_layout":"","_kad_post_sidebar_id":"","_kad_post_content_style":"","_kad_post_vertical_padding":"","_kad_post_feature":"","_kad_post_feature_position":"","_kad_post_header":false,"_kad_post_footer":false,"_kad_post_classname":"","jetpack_post_was_ever_published":false,"_jetpack_newsletter_access":"","_jetpack_dont_email_post_to_subs":false,"_jetpack_newsletter_tier_id":0,"_jetpack_memberships_contains_paywalled_content":false,"_jetpack_memberships_contains_paid_content":false,"footnotes":""},"categories":[43],"tags":[134,7,49,73,87,98,294,100,90,422],"class_list":["post-3928","post","type-post","status-publish","format-standard","hentry","category-the-migration-phenomenon","tag-134","tag-article","tag-asylum-policy","tag-german-language","tag-history","tag-immigration-policy","tag-irregular-migration","tag-labour-migration","tag-reception-policy","tag-sociology"],"jetpack_featured_media_url":"","jetpack_sharing_enabled":true,"_links":{"self":[{"href":"https:\/\/swissmig.unine.ch\/index.php?rest_route=\/wp\/v2\/posts\/3928","targetHints":{"allow":["GET"]}}],"collection":[{"href":"https:\/\/swissmig.unine.ch\/index.php?rest_route=\/wp\/v2\/posts"}],"about":[{"href":"https:\/\/swissmig.unine.ch\/index.php?rest_route=\/wp\/v2\/types\/post"}],"author":[{"embeddable":true,"href":"https:\/\/swissmig.unine.ch\/index.php?rest_route=\/wp\/v2\/users\/4"}],"replies":[{"embeddable":true,"href":"https:\/\/swissmig.unine.ch\/index.php?rest_route=%2Fwp%2Fv2%2Fcomments&post=3928"}],"version-history":[{"count":0,"href":"https:\/\/swissmig.unine.ch\/index.php?rest_route=\/wp\/v2\/posts\/3928\/revisions"}],"wp:attachment":[{"href":"https:\/\/swissmig.unine.ch\/index.php?rest_route=%2Fwp%2Fv2%2Fmedia&parent=3928"}],"wp:term":[{"taxonomy":"category","embeddable":true,"href":"https:\/\/swissmig.unine.ch\/index.php?rest_route=%2Fwp%2Fv2%2Fcategories&post=3928"},{"taxonomy":"post_tag","embeddable":true,"href":"https:\/\/swissmig.unine.ch\/index.php?rest_route=%2Fwp%2Fv2%2Ftags&post=3928"}],"curies":[{"name":"wp","href":"https:\/\/api.w.org\/{rel}","templated":true}]}}