{"id":3914,"date":"2020-07-13T08:00:17","date_gmt":"2020-07-13T07:00:17","guid":{"rendered":"https:\/\/swissmig.wordpress.com\/?p=3914"},"modified":"2020-07-13T08:00:17","modified_gmt":"2020-07-13T07:00:17","slug":"agir-en-faveur-de-lintegration-des-migrants-en-suisse-romande","status":"publish","type":"post","link":"https:\/\/swissmig.unine.ch\/?p=3914","title":{"rendered":"Agir en faveur de l&#8217;int\u00e9gration des migrants en Suisse romande"},"content":{"rendered":"<h3>Author(s) : B\u00fclent Kaya, Denise Efionayi-M\u00e4der, Silvia Sch\u00f6nenberger<\/h3>\n<h3>Source : <a href=\"https:\/\/libra.unine.ch\/handle\/123456789\/11409\" target=\"_blank\" rel=\"noopener\">https:\/\/libra.unine.ch\/handle\/123456789\/11409<\/a><\/h3>\n<p><strong>Abstract: <\/strong><!--more--><\/p>\n<blockquote><p>&#8220;Une partie des \u00e9trangers vivant en Suisse sont insuffisamment inform\u00e9s de leurs droits et de leurs devoirs. Ce constat a pouss\u00e9 l&#8217;OSAR \u00e0 vouloir dresser un \u00e9tat des lieux des offres existantes afin d&#8217;identifier les lacunes en mati\u00e8re d&#8217;information et de sensibilisation. Les besoins identifi\u00e9s varient selon le contexte et les domaines. Le domaine de l&#8217;emploi, des connaissances approfondies destin\u00e9es aux migrants ainsi que la formation et la sensibilisation interculturelle du personnel des institutions publiques et des acteurs de l&#8217;int\u00e9gration sont peu couverts par les projets en cours.&#8221;<\/p>\n<p><strong>Mots-cl\u00e9s :<\/strong> integration policy, asylum seekers, integration programmes, SFM Studies, access to education, access to employment, refugees, temporary admission<\/p><\/blockquote>\n","protected":false},"excerpt":{"rendered":"<p>Author(s) : B\u00fclent Kaya, Denise Efionayi-M\u00e4der, Silvia Sch\u00f6nenberger Source :&#8230;<\/p>\n","protected":false},"author":4,"featured_media":0,"comment_status":"open","ping_status":"open","sticky":false,"template":"","format":"standard","meta":{"_kadence_starter_templates_imported_post":false,"_kad_post_transparent":"","_kad_post_title":"","_kad_post_layout":"","_kad_post_sidebar_id":"","_kad_post_content_style":"","_kad_post_vertical_padding":"","_kad_post_feature":"","_kad_post_feature_position":"","_kad_post_header":false,"_kad_post_footer":false,"_kad_post_classname":"","jetpack_post_was_ever_published":false,"_jetpack_newsletter_access":"","_jetpack_dont_email_post_to_subs":false,"_jetpack_newsletter_tier_id":0,"_jetpack_memberships_contains_paywalled_content":false,"_jetpack_memberships_contains_paid_content":false,"footnotes":""},"categories":[12],"tags":[256,407,362,50,176,52,429,341,387,160,88,364,122,284,103,249,645,402,369,370],"class_list":["post-3914","post","type-post","status-publish","format-standard","hentry","category-politics","tag-256","tag-access-to-education","tag-access-to-employment","tag-asylum-seekers","tag-economic-integration","tag-french-language","tag-fribourg","tag-geneva","tag-integration-policy","tag-integration-programmes","tag-intercultural-relations","tag-jura","tag-migrants","tag-neuchatel","tag-refugees","tag-report","tag-sfm-studies","tag-temporary-admission","tag-valais","tag-vaud"],"jetpack_featured_media_url":"","jetpack_sharing_enabled":true,"_links":{"self":[{"href":"https:\/\/swissmig.unine.ch\/index.php?rest_route=\/wp\/v2\/posts\/3914","targetHints":{"allow":["GET"]}}],"collection":[{"href":"https:\/\/swissmig.unine.ch\/index.php?rest_route=\/wp\/v2\/posts"}],"about":[{"href":"https:\/\/swissmig.unine.ch\/index.php?rest_route=\/wp\/v2\/types\/post"}],"author":[{"embeddable":true,"href":"https:\/\/swissmig.unine.ch\/index.php?rest_route=\/wp\/v2\/users\/4"}],"replies":[{"embeddable":true,"href":"https:\/\/swissmig.unine.ch\/index.php?rest_route=%2Fwp%2Fv2%2Fcomments&post=3914"}],"version-history":[{"count":0,"href":"https:\/\/swissmig.unine.ch\/index.php?rest_route=\/wp\/v2\/posts\/3914\/revisions"}],"wp:attachment":[{"href":"https:\/\/swissmig.unine.ch\/index.php?rest_route=%2Fwp%2Fv2%2Fmedia&parent=3914"}],"wp:term":[{"taxonomy":"category","embeddable":true,"href":"https:\/\/swissmig.unine.ch\/index.php?rest_route=%2Fwp%2Fv2%2Fcategories&post=3914"},{"taxonomy":"post_tag","embeddable":true,"href":"https:\/\/swissmig.unine.ch\/index.php?rest_route=%2Fwp%2Fv2%2Ftags&post=3914"}],"curies":[{"name":"wp","href":"https:\/\/api.w.org\/{rel}","templated":true}]}}