{"id":3893,"date":"2020-06-29T08:00:30","date_gmt":"2020-06-29T07:00:30","guid":{"rendered":"https:\/\/swissmig.wordpress.com\/?p=3893"},"modified":"2020-06-29T08:00:30","modified_gmt":"2020-06-29T07:00:30","slug":"organisations-circulations-reseaux-la-jeunesse-armenienne-universitaire-a-geneve-et-a-lausanne-entre-1887-et-1926-comme-vecteur-de-lien-entre-les-peuples-suisse-et-armenien","status":"publish","type":"post","link":"https:\/\/swissmig.unine.ch\/?p=3893","title":{"rendered":"Organisations, circulations, r\u00e9seaux : la jeunesse arm\u00e9nienne universitaire \u00e0 Gen\u00e8ve et \u00e0 Lausanne entre 1887 et 1926 comme vecteur de lien entre les peuples suisse et arm\u00e9nien"},"content":{"rendered":"<h3>Author(s) : Huseyin Bektas<\/h3>\n<h3>Source : <a href=\"https:\/\/archive-ouverte.unige.ch\/unige:110689\" target=\"_blank\" rel=\"noopener\">https:\/\/archive-ouverte.unige.ch\/unige:110689<\/a><\/h3>\n<p><strong>Abstract: <\/strong><!--more--><\/p>\n<blockquote><p>&#8220;Ce travail s\u2019int\u00e9resse \u00e0 la pr\u00e9sence des \u00e9tudiants arm\u00e9niens dans les Universit\u00e9s de Gen\u00e8ve et de Lausanne (de 1887 \u00e0 1926), dans le contexte de la fin de l\u2019Empire ottoman. En tant qu\u2019exp\u00e9rience transnationale, le parcours de ces \u00e9tudiants en Europe et en Suisse, illustre comment des hommes entrent en contact avec des id\u00e9es, comment ils les r\u00e9ceptionnent, se les approprient, les rejettent ou les transforment, pour les int\u00e9grer d\u2019abord dans leurs histoires personnelles, puis au sein de leurs organisations et r\u00e9seaux. Nous montrons comment, dans des conditions sociales, culturelles et historiques pr\u00e9cises, l\u2019ensemble de leurs exp\u00e9riences et \u00e9changes intellectuels donne naissance \u00e0 des associations, des organisations et des partis politiques, qui deviennent \u00e0 leur tour acteurs de l\u2019histoire du peuple arm\u00e9nien. En nous concentrant sur l\u2019Empire ottoman, nous mettons en \u00e9vidence la place importante qu\u2019occupent ces \u00e9tudiants en tant qu\u2019acteurs de transferts de mod\u00e8les et de concepts entre leurs trois empires de provenance, mais aussi entre leur soci\u00e9t\u00e9 d\u2019accueil, la Suisse, et les empires. On retrouve les traces de ces \u00e9tudiants arm\u00e9niens dans diverses archives, telles que les archives universitaires, cantonales et f\u00e9d\u00e9rales, les archives de presse et celles d\u2019organisations internationales.&#8221;<\/p>\n<p><strong>Mots-cl\u00e9s <\/strong>: Organisations \u2014 Circulations \u2014 R\u00e9seaux \u2014 Jeunesse arm\u00e9nienne universitaire \u2014 Gen\u00e8ve \u2014 Lausanne \u2014 1887-1926 \u2014 Vecteur de lien \u2014 Peuple suisse \u2014 Peuple arm\u00e9nien<\/p><\/blockquote>\n<p>&nbsp;<\/p>\n","protected":false},"excerpt":{"rendered":"<p>Author(s) : Huseyin Bektas Source : https:\/\/archive-ouverte.unige.ch\/unige:110689 Abstract:<\/p>\n","protected":false},"author":4,"featured_media":0,"comment_status":"open","ping_status":"open","sticky":false,"template":"","format":"standard","meta":{"_kadence_starter_templates_imported_post":false,"_kad_post_transparent":"","_kad_post_title":"","_kad_post_layout":"","_kad_post_sidebar_id":"","_kad_post_content_style":"","_kad_post_vertical_padding":"","_kad_post_feature":"","_kad_post_feature_position":"","_kad_post_header":false,"_kad_post_footer":false,"_kad_post_classname":"","jetpack_post_was_ever_published":false,"_jetpack_newsletter_access":"","_jetpack_dont_email_post_to_subs":false,"_jetpack_newsletter_tier_id":0,"_jetpack_memberships_contains_paywalled_content":false,"_jetpack_memberships_contains_paid_content":false,"footnotes":""},"categories":[35],"tags":[285,484,119,151,136,52,341,80,319,11,91,207,290,370,118],"class_list":["post-3893","post","type-post","status-publish","format-standard","hentry","category-history","tag-285","tag-armenians","tag-associations","tag-cultural-identity","tag-diasporas","tag-french-language","tag-geneva","tag-higher-education","tag-master-thesis","tag-political-parties","tag-social-integration","tag-social-networks","tag-students","tag-vaud","tag-youth"],"jetpack_featured_media_url":"","jetpack_sharing_enabled":true,"_links":{"self":[{"href":"https:\/\/swissmig.unine.ch\/index.php?rest_route=\/wp\/v2\/posts\/3893","targetHints":{"allow":["GET"]}}],"collection":[{"href":"https:\/\/swissmig.unine.ch\/index.php?rest_route=\/wp\/v2\/posts"}],"about":[{"href":"https:\/\/swissmig.unine.ch\/index.php?rest_route=\/wp\/v2\/types\/post"}],"author":[{"embeddable":true,"href":"https:\/\/swissmig.unine.ch\/index.php?rest_route=\/wp\/v2\/users\/4"}],"replies":[{"embeddable":true,"href":"https:\/\/swissmig.unine.ch\/index.php?rest_route=%2Fwp%2Fv2%2Fcomments&post=3893"}],"version-history":[{"count":0,"href":"https:\/\/swissmig.unine.ch\/index.php?rest_route=\/wp\/v2\/posts\/3893\/revisions"}],"wp:attachment":[{"href":"https:\/\/swissmig.unine.ch\/index.php?rest_route=%2Fwp%2Fv2%2Fmedia&parent=3893"}],"wp:term":[{"taxonomy":"category","embeddable":true,"href":"https:\/\/swissmig.unine.ch\/index.php?rest_route=%2Fwp%2Fv2%2Fcategories&post=3893"},{"taxonomy":"post_tag","embeddable":true,"href":"https:\/\/swissmig.unine.ch\/index.php?rest_route=%2Fwp%2Fv2%2Ftags&post=3893"}],"curies":[{"name":"wp","href":"https:\/\/api.w.org\/{rel}","templated":true}]}}