{"id":3890,"date":"2020-06-29T08:00:33","date_gmt":"2020-06-29T07:00:33","guid":{"rendered":"https:\/\/swissmig.wordpress.com\/?p=3890"},"modified":"2020-06-29T08:00:33","modified_gmt":"2020-06-29T07:00:33","slug":"peut-on-construire-des-minarets-en-suisse","status":"publish","type":"post","link":"https:\/\/swissmig.unine.ch\/?p=3890","title":{"rendered":"Peut-on construire des minarets en Suisse?"},"content":{"rendered":"<h3>Author(s) : C\u00e9dric Terzi<\/h3>\n<h3>Source : <a href=\"https:\/\/doi.org\/10.3917\/espri.1611.0100\" target=\"_blank\" rel=\"noopener\">https:\/\/doi.org\/10.3917\/espri.1611.0100<\/a><\/h3>\n<p><strong>Abstract: <\/strong><!--more--><\/p>\n<blockquote><p>&#8220;En 2009, le peuple suisse votait contre la construction de minarets. L\u2019initiative citoyenne entrait pourtant en conflit avec le droit international et les valeurs de la Constitution f\u00e9d\u00e9rale. La rivalit\u00e9 de la souverainet\u00e9 populaire avec l\u2019\u00c9tat de droit a produit des dommages politiques importants.&#8221;<\/p><\/blockquote>\n<p>&nbsp;<\/p>\n","protected":false},"excerpt":{"rendered":"<p>Author(s) : C\u00e9dric Terzi Source : https:\/\/doi.org\/10.3917\/espri.1611.0100 Abstract:<\/p>\n","protected":false},"author":4,"featured_media":0,"comment_status":"open","ping_status":"open","sticky":false,"template":"","format":"standard","meta":{"_kadence_starter_templates_imported_post":false,"_kad_post_transparent":"","_kad_post_title":"","_kad_post_layout":"","_kad_post_sidebar_id":"","_kad_post_content_style":"","_kad_post_vertical_padding":"","_kad_post_feature":"","_kad_post_feature_position":"","_kad_post_header":false,"_kad_post_footer":false,"_kad_post_classname":"","jetpack_post_was_ever_published":false,"_jetpack_newsletter_access":"","_jetpack_dont_email_post_to_subs":false,"_jetpack_newsletter_tier_id":0,"_jetpack_memberships_contains_paywalled_content":false,"_jetpack_memberships_contains_paid_content":false,"footnotes":""},"categories":[12],"tags":[14,7,575,126,252,52,128,268,223,566,94,361,96],"class_list":["post-3890","post","type-post","status-publish","format-standard","hentry","category-politics","tag-14","tag-article","tag-civil-society","tag-constitutional-right","tag-democracy","tag-french-language","tag-human-rights","tag-international-law","tag-islam","tag-islamophobia","tag-political-system","tag-referendums-and-initiatives","tag-voting-behaviour"],"jetpack_featured_media_url":"","jetpack_sharing_enabled":true,"_links":{"self":[{"href":"https:\/\/swissmig.unine.ch\/index.php?rest_route=\/wp\/v2\/posts\/3890","targetHints":{"allow":["GET"]}}],"collection":[{"href":"https:\/\/swissmig.unine.ch\/index.php?rest_route=\/wp\/v2\/posts"}],"about":[{"href":"https:\/\/swissmig.unine.ch\/index.php?rest_route=\/wp\/v2\/types\/post"}],"author":[{"embeddable":true,"href":"https:\/\/swissmig.unine.ch\/index.php?rest_route=\/wp\/v2\/users\/4"}],"replies":[{"embeddable":true,"href":"https:\/\/swissmig.unine.ch\/index.php?rest_route=%2Fwp%2Fv2%2Fcomments&post=3890"}],"version-history":[{"count":0,"href":"https:\/\/swissmig.unine.ch\/index.php?rest_route=\/wp\/v2\/posts\/3890\/revisions"}],"wp:attachment":[{"href":"https:\/\/swissmig.unine.ch\/index.php?rest_route=%2Fwp%2Fv2%2Fmedia&parent=3890"}],"wp:term":[{"taxonomy":"category","embeddable":true,"href":"https:\/\/swissmig.unine.ch\/index.php?rest_route=%2Fwp%2Fv2%2Fcategories&post=3890"},{"taxonomy":"post_tag","embeddable":true,"href":"https:\/\/swissmig.unine.ch\/index.php?rest_route=%2Fwp%2Fv2%2Ftags&post=3890"}],"curies":[{"name":"wp","href":"https:\/\/api.w.org\/{rel}","templated":true}]}}