{"id":3879,"date":"2020-06-22T08:00:05","date_gmt":"2020-06-22T07:00:05","guid":{"rendered":"https:\/\/swissmig.wordpress.com\/?p=3879"},"modified":"2020-06-22T08:00:05","modified_gmt":"2020-06-22T07:00:05","slug":"la-transition-post-obligatoire-en-suisse-vecu-des-jeunes-de-deuxieme-generation-du-kosovo","status":"publish","type":"post","link":"https:\/\/swissmig.unine.ch\/?p=3879","title":{"rendered":"La transition post-obligatoire en Suisse: V\u00e9cu des jeunes de deuxi\u00e8me g\u00e9n\u00e9ration du Kosovo"},"content":{"rendered":"<h3>Author(s) : Sara Durussel<\/h3>\n<h3>Source : <a href=\"https:\/\/serval.unil.ch\/resource\/serval:BIB_S_000000024414.P001\/REF\" target=\"_blank\" rel=\"noopener\">https:\/\/serval.unil.ch\/resource\/serval:BIB_S_000000024414.P001\/REF<\/a><\/h3>\n<p><strong>Abstract: <\/strong><!--more--><\/p>\n<blockquote><p>&#8220;Dans un contexte o\u00f9 les transitions socio-professionnelles deviennent plus complexes \u00e0 r\u00e9aliser, les jeunes kosovars semblent particuli\u00e8rement touch\u00e9s par des difficult\u00e9s d\u2019insertion dans le syst\u00e8me de formation suisse. Ce ph\u00e9nom\u00e8ne refl\u00e8te les in\u00e9galit\u00e9s sociales de l\u2019origine culturelle durant la transition post-obligatoire. Mais comment cette derni\u00e8re est-elle v\u00e9cue par les jeunes kosovars en Suisse? Pour r\u00e9pondre \u00e0 cette question, la pr\u00e9sente recherche consid\u00e8re les obstacles et les ressources rencontr\u00e9s ainsi que les strat\u00e9gies individuelles permettant d\u2019y faire face. Les d\u00e9terminants de cette transition sont psychosociaux puisqu\u2019ils proviennent de l\u2019individu (genre, SSE, parcours scolaire, origine culturelle) ; de sa culture (distance culturelle, acculturation, identit\u00e9 ethnique, valeurs culturelles, discrimination) ; et de l\u2019\u00e9valuation subjective qui en r\u00e9sulte (repr\u00e9sentations, estime de soi, soutien social per\u00e7u, strat\u00e9gies).&#8221;<\/p><\/blockquote>\n<p>&nbsp;<\/p>\n","protected":false},"excerpt":{"rendered":"<p>Author(s) : Sara Durussel Source : https:\/\/serval.unil.ch\/resource\/serval:BIB_S_000000024414.P001\/REF Abstract:<\/p>\n","protected":false},"author":4,"featured_media":0,"comment_status":"open","ping_status":"open","sticky":false,"template":"","format":"standard","meta":{"_kadence_starter_templates_imported_post":false,"_kad_post_transparent":"","_kad_post_title":"","_kad_post_layout":"","_kad_post_sidebar_id":"","_kad_post_content_style":"","_kad_post_vertical_padding":"","_kad_post_feature":"","_kad_post_feature_position":"","_kad_post_header":false,"_kad_post_footer":false,"_kad_post_classname":"","jetpack_post_was_ever_published":false,"_jetpack_newsletter_access":"","_jetpack_dont_email_post_to_subs":false,"_jetpack_newsletter_tier_id":0,"_jetpack_memberships_contains_paywalled_content":false,"_jetpack_memberships_contains_paid_content":false,"footnotes":""},"categories":[61],"tags":[14,407,362,288,151,79,82,52,298,319,405,490,145,47,42,118],"class_list":["post-3879","post","type-post","status-publish","format-standard","hentry","category-education","tag-14","tag-access-to-education","tag-access-to-employment","tag-acculturation","tag-cultural-identity","tag-equal-opportunities","tag-ethnic-discrimination","tag-french-language","tag-kosovars","tag-master-thesis","tag-migratory-background","tag-school-attainment","tag-second-generation","tag-social-inequalities","tag-social-psychology","tag-youth"],"jetpack_featured_media_url":"","jetpack_sharing_enabled":true,"_links":{"self":[{"href":"https:\/\/swissmig.unine.ch\/index.php?rest_route=\/wp\/v2\/posts\/3879","targetHints":{"allow":["GET"]}}],"collection":[{"href":"https:\/\/swissmig.unine.ch\/index.php?rest_route=\/wp\/v2\/posts"}],"about":[{"href":"https:\/\/swissmig.unine.ch\/index.php?rest_route=\/wp\/v2\/types\/post"}],"author":[{"embeddable":true,"href":"https:\/\/swissmig.unine.ch\/index.php?rest_route=\/wp\/v2\/users\/4"}],"replies":[{"embeddable":true,"href":"https:\/\/swissmig.unine.ch\/index.php?rest_route=%2Fwp%2Fv2%2Fcomments&post=3879"}],"version-history":[{"count":0,"href":"https:\/\/swissmig.unine.ch\/index.php?rest_route=\/wp\/v2\/posts\/3879\/revisions"}],"wp:attachment":[{"href":"https:\/\/swissmig.unine.ch\/index.php?rest_route=%2Fwp%2Fv2%2Fmedia&parent=3879"}],"wp:term":[{"taxonomy":"category","embeddable":true,"href":"https:\/\/swissmig.unine.ch\/index.php?rest_route=%2Fwp%2Fv2%2Fcategories&post=3879"},{"taxonomy":"post_tag","embeddable":true,"href":"https:\/\/swissmig.unine.ch\/index.php?rest_route=%2Fwp%2Fv2%2Ftags&post=3879"}],"curies":[{"name":"wp","href":"https:\/\/api.w.org\/{rel}","templated":true}]}}