{"id":38731,"date":"2026-04-27T18:25:00","date_gmt":"2026-04-27T16:25:00","guid":{"rendered":"https:\/\/swissmig.unine.ch\/?p=38731"},"modified":"2026-04-27T14:28:27","modified_gmt":"2026-04-27T12:28:27","slug":"etude-de-ladequation-du-depistage-lors-de-la-visite-sanitaire-de-frontiere-des-problemes-de-sante-chez-les-patients-requerants-dasile","status":"publish","type":"post","link":"https:\/\/swissmig.unine.ch\/?p=38731","title":{"rendered":"\u00c9tude de l&#8217;ad\u00e9quation du d\u00e9pistage lors de la visite sanitaire de fronti\u00e8re des probl\u00e8mes de sant\u00e9 chez les patients requ\u00e9rants d&#8217;asile"},"content":{"rendered":"\n<div class=\"wp-block-group\"><div class=\"wp-block-group__inner-container is-layout-constrained wp-block-group-is-layout-constrained\">\n<div class=\"wp-block-group is-vertical is-layout-flex wp-container-core-group-is-layout-8cf370e7 wp-block-group-is-layout-flex\">\n<h3 class=\"wp-block-heading\">Author(s): Sylvie de Raemy-Kocher<\/h3>\n\n\n\n<h3 class=\"wp-block-heading\">Source: <a href=\"https:\/\/doi.org\/10.13097\/archive-ouverte\/unige:3921\" target=\"_blank\" rel=\"noreferrer noopener\">https:\/\/doi.org\/10.13097\/archive-ouverte\/unige:3921<\/a><\/h3>\n<\/div>\n<\/div><\/div>\n\n\n\n<!--more-->\n\n\n\n<p><strong>Abstract<\/strong><\/p>\n\n\n\n<blockquote class=\"wp-block-quote is-layout-flow wp-block-quote-is-layout-flow\">\n<p>Les requ\u00e9rants d&#8217;asile b\u00e9n\u00e9ficient \u00e0 leur arriv\u00e9e \u00e0 Gen\u00e8ve d&#8217;un entretien structur\u00e9 de d\u00e9pistage effectu\u00e9 par des infirmi\u00e8res visant \u00e0 \u00e9valuer leur \u00e9tat de sant\u00e9 physique et mentale et \u00e0 les orienter vers un suivi m\u00e9dical si n\u00e9cessaire. Afin d&#8217;\u00e9valuer l&#8217;ad\u00e9quation de cette m\u00e9thode de d\u00e9pistage, les \u00e9v\u00e8nements m\u00e9dicaux survenus dans les six mois suivant l&#8217;entretien de 300 requ\u00e9rants ont \u00e9t\u00e9 analys\u00e9s r\u00e9trospectivement \u00e0 partir de dossiers m\u00e9dicaux. Globalement, 97 % des suivis m\u00e9dicaux propos\u00e9s par les infirmi\u00e8res ont \u00e9t\u00e9 jug\u00e9s ad\u00e9quats par le m\u00e9decin \u00e9valuateur. Les requ\u00e9rants pr\u00e9sentent des probl\u00e8mes de sant\u00e9 sp\u00e9cifiques qui requi\u00e8rent des soins m\u00e9dicaux. Une grande majorit\u00e9 (81 %) se rend effectivement au premier rendez-vous propos\u00e9 \u00e0 l&#8217;issue de l&#8217;entretien initial. Chaque requ\u00e9rant consulte en moyenne 2,7 fois pendant les six mois. 53% de ces consultations rel\u00e8vent de la m\u00e9decine g\u00e9n\u00e9rale, 34 % du soutien psychologique et 13 % d&#8217;une visite au service des urgences.<\/p>\n<\/blockquote>\n","protected":false},"excerpt":{"rendered":"<p>Author(s): Sylvie de Raemy-Kocher Source: https:\/\/doi.org\/10.13097\/archive-ouverte\/unige:3921<\/p>\n","protected":false},"author":3,"featured_media":0,"comment_status":"open","ping_status":"open","sticky":false,"template":"","format":"standard","meta":{"_kadence_starter_templates_imported_post":false,"_kad_post_transparent":"","_kad_post_title":"","_kad_post_layout":"","_kad_post_sidebar_id":"","_kad_post_content_style":"","_kad_post_vertical_padding":"","_kad_post_feature":"","_kad_post_feature_position":"","_kad_post_header":false,"_kad_post_footer":false,"_kad_post_classname":"","jetpack_post_was_ever_published":false,"_jetpack_newsletter_access":"","_jetpack_dont_email_post_to_subs":true,"_jetpack_newsletter_tier_id":0,"_jetpack_memberships_contains_paywalled_content":false,"_jetpack_memberships_contains_paid_content":false,"footnotes":""},"categories":[59],"tags":[414,556,50,589,52,341,157,154,473,185,442],"class_list":["post-38731","post","type-post","status-publish","format-standard","hentry","category-health","tag-414","tag-access-to-health-care","tag-asylum-seekers","tag-doctoral-thesis","tag-french-language","tag-geneva","tag-health-care","tag-interviews","tag-medical-screening","tag-mental-health","tag-preventive-medicine"],"jetpack_featured_media_url":"","jetpack_sharing_enabled":true,"_links":{"self":[{"href":"https:\/\/swissmig.unine.ch\/index.php?rest_route=\/wp\/v2\/posts\/38731","targetHints":{"allow":["GET"]}}],"collection":[{"href":"https:\/\/swissmig.unine.ch\/index.php?rest_route=\/wp\/v2\/posts"}],"about":[{"href":"https:\/\/swissmig.unine.ch\/index.php?rest_route=\/wp\/v2\/types\/post"}],"author":[{"embeddable":true,"href":"https:\/\/swissmig.unine.ch\/index.php?rest_route=\/wp\/v2\/users\/3"}],"replies":[{"embeddable":true,"href":"https:\/\/swissmig.unine.ch\/index.php?rest_route=%2Fwp%2Fv2%2Fcomments&post=38731"}],"version-history":[{"count":1,"href":"https:\/\/swissmig.unine.ch\/index.php?rest_route=\/wp\/v2\/posts\/38731\/revisions"}],"predecessor-version":[{"id":38732,"href":"https:\/\/swissmig.unine.ch\/index.php?rest_route=\/wp\/v2\/posts\/38731\/revisions\/38732"}],"wp:attachment":[{"href":"https:\/\/swissmig.unine.ch\/index.php?rest_route=%2Fwp%2Fv2%2Fmedia&parent=38731"}],"wp:term":[{"taxonomy":"category","embeddable":true,"href":"https:\/\/swissmig.unine.ch\/index.php?rest_route=%2Fwp%2Fv2%2Fcategories&post=38731"},{"taxonomy":"post_tag","embeddable":true,"href":"https:\/\/swissmig.unine.ch\/index.php?rest_route=%2Fwp%2Fv2%2Ftags&post=38731"}],"curies":[{"name":"wp","href":"https:\/\/api.w.org\/{rel}","templated":true}]}}