{"id":38712,"date":"2026-04-27T08:00:00","date_gmt":"2026-04-27T06:00:00","guid":{"rendered":"https:\/\/swissmig.unine.ch\/?p=38712"},"modified":"2026-04-16T11:46:24","modified_gmt":"2026-04-16T09:46:24","slug":"perspectives-pour-une-politique-migratoire-suisse-durable","status":"publish","type":"post","link":"https:\/\/swissmig.unine.ch\/?p=38712","title":{"rendered":"Perspectives pour une politique migratoire suisse durable"},"content":{"rendered":"\n<div class=\"wp-block-group\"><div class=\"wp-block-group__inner-container is-layout-constrained wp-block-group-is-layout-constrained\">\n<div class=\"wp-block-group is-vertical is-layout-flex wp-container-core-group-is-layout-8cf370e7 wp-block-group-is-layout-flex\">\n<h3 class=\"wp-block-heading\">Author(s): Anita Manatschal<\/h3>\n\n\n\n<h3 class=\"wp-block-heading\">Source: <a href=\"https:\/\/www.aussenpolitik.ch\/wp-content\/uploads\/2026\/04\/Manatschal-Migration-F.pdf\">https:\/\/www.aussenpolitik.ch\/wp-content\/uploads\/2026\/04\/Manatschal-Migration-F.pdf<\/a><\/h3>\n<\/div>\n<\/div><\/div>\n\n\n\n<!--more-->\n\n\n\n<p><strong>Abstract<\/strong><\/p>\n\n\n\n<blockquote class=\"wp-block-quote is-layout-flow wp-block-quote-is-layout-flow\">\n<p>Dans de nombreuses d\u00e9mocraties contemporaines, la \u00ab migration \u00bb est principalement consid\u00e9r\u00e9e comme un probl\u00e8me, et les personnes migrantes sont souvent utilis\u00e9es comme des boucs \u00e9missaires populaires. Parall\u00e8lement, la p\u00e9nurie de main-d\u2019\u0153uvre qualifi\u00e9e et le vieillissement de la soci\u00e9t\u00e9 continuent d\u2019accro\u00eetre sans rel\u00e2che le besoin d\u2019immigration. Comment r\u00e9soudre ce paradoxe lib\u00e9ral qui fa\u00e7onne depuis plus d\u2019un demi-si\u00e8cle la politique migratoire de la Suisse ? En partant des principaux points de friction de ce domaine politique ainsi que des chiffres, faits et connaissances<br>scientifiques associ\u00e9s, cet article d\u00e9veloppe des perspectives pour une politique migratoire suisse durable.<\/p>\n<\/blockquote>\n","protected":false},"excerpt":{"rendered":"<p>Author(s): Anita Manatschal Source: https:\/\/www.aussenpolitik.ch\/wp-content\/uploads\/2026\/04\/Manatschal-Migration-F.pdf<\/p>\n","protected":false},"author":3,"featured_media":0,"comment_status":"open","ping_status":"open","sticky":false,"template":"","format":"standard","meta":{"_kadence_starter_templates_imported_post":false,"_kad_post_transparent":"","_kad_post_title":"","_kad_post_layout":"","_kad_post_sidebar_id":"","_kad_post_content_style":"","_kad_post_vertical_padding":"","_kad_post_feature":"","_kad_post_feature_position":"","_kad_post_header":false,"_kad_post_footer":false,"_kad_post_classname":"","jetpack_post_was_ever_published":false,"_jetpack_newsletter_access":"","_jetpack_dont_email_post_to_subs":false,"_jetpack_newsletter_tier_id":0,"_jetpack_memberships_contains_paywalled_content":false,"_jetpack_memberships_contains_paid_content":false,"footnotes":""},"categories":[12],"tags":[854,7,37,521,120,52,87,36,95],"class_list":["post-38712","post","type-post","status-publish","format-standard","hentry","category-politics","tag-854","tag-article","tag-attitudes-towards-migrants","tag-conflict","tag-data-analysis","tag-french-language","tag-history","tag-migration-policy","tag-populism"],"jetpack_featured_media_url":"","jetpack_sharing_enabled":true,"_links":{"self":[{"href":"https:\/\/swissmig.unine.ch\/index.php?rest_route=\/wp\/v2\/posts\/38712","targetHints":{"allow":["GET"]}}],"collection":[{"href":"https:\/\/swissmig.unine.ch\/index.php?rest_route=\/wp\/v2\/posts"}],"about":[{"href":"https:\/\/swissmig.unine.ch\/index.php?rest_route=\/wp\/v2\/types\/post"}],"author":[{"embeddable":true,"href":"https:\/\/swissmig.unine.ch\/index.php?rest_route=\/wp\/v2\/users\/3"}],"replies":[{"embeddable":true,"href":"https:\/\/swissmig.unine.ch\/index.php?rest_route=%2Fwp%2Fv2%2Fcomments&post=38712"}],"version-history":[{"count":1,"href":"https:\/\/swissmig.unine.ch\/index.php?rest_route=\/wp\/v2\/posts\/38712\/revisions"}],"predecessor-version":[{"id":38713,"href":"https:\/\/swissmig.unine.ch\/index.php?rest_route=\/wp\/v2\/posts\/38712\/revisions\/38713"}],"wp:attachment":[{"href":"https:\/\/swissmig.unine.ch\/index.php?rest_route=%2Fwp%2Fv2%2Fmedia&parent=38712"}],"wp:term":[{"taxonomy":"category","embeddable":true,"href":"https:\/\/swissmig.unine.ch\/index.php?rest_route=%2Fwp%2Fv2%2Fcategories&post=38712"},{"taxonomy":"post_tag","embeddable":true,"href":"https:\/\/swissmig.unine.ch\/index.php?rest_route=%2Fwp%2Fv2%2Ftags&post=38712"}],"curies":[{"name":"wp","href":"https:\/\/api.w.org\/{rel}","templated":true}]}}