{"id":38702,"date":"2026-04-20T08:00:00","date_gmt":"2026-04-20T06:00:00","guid":{"rendered":"https:\/\/swissmig.unine.ch\/?p=38702"},"modified":"2026-04-13T14:28:31","modified_gmt":"2026-04-13T12:28:31","slug":"langue-et-integration-requerants-dasile-benevoles-et-institutions-en-suisse-romande-positionnements-de-la-communaute-asile","status":"publish","type":"post","link":"https:\/\/swissmig.unine.ch\/?p=38702","title":{"rendered":"Langue et int\u00e9gration : requ\u00e9rants d\u2019asile, b\u00e9n\u00e9voles et institutions en Suisse romande : positionnements de la communaut\u00e9 asile"},"content":{"rendered":"\n<div class=\"wp-block-group\"><div class=\"wp-block-group__inner-container is-layout-constrained wp-block-group-is-layout-constrained\">\n<div class=\"wp-block-group is-vertical is-layout-flex wp-container-core-group-is-layout-8cf370e7 wp-block-group-is-layout-flex\">\n<h3 class=\"wp-block-heading\">Author(s): Anne-Christel Zeiter<\/h3>\n\n\n\n<h3 class=\"wp-block-heading\">Source: <a href=\"https:\/\/www.peterlang.com\/document\/1612365\" target=\"_blank\" rel=\"noreferrer noopener\">https:\/\/www.peterlang.com\/document\/1612365<\/a><\/h3>\n<\/div>\n<\/div><\/div>\n\n\n\n<!--more-->\n\n\n\n<p><strong>Abstract<\/strong><\/p>\n\n\n\n<blockquote class=\"wp-block-quote is-layout-flow wp-block-quote-is-layout-flow\">\n<p>Comment s\u00e9journe-t-on dans un pays auquel on demande l\u2019asile? Comment vit-on dans cette r\u00e9alit\u00e9 interm\u00e9diaire et inconnue? Sur quelles ressources compter pour donner sens \u00e0 son nouvel environnement et \u00e0 sa langue, souvent aussi \u00e9trange qu\u2019\u00e9trang\u00e8re?<br>Cet ouvrage explore les premiers temps du parcours de l\u2019asile \u2013 l\u2019attente d\u2019une r\u00e9ponse \u2013 entre l\u2019accompagnement socioprofessionnel pr\u00e9vu par l\u2019\u00c9tat et l\u2019accueil prodigu\u00e9 par des b\u00e9n\u00e9voles. Il analyse conjointement les normes g\u00e9n\u00e9r\u00e9es par diff\u00e9rents textes de loi, tendances politiques et enjeux \u00e9conomiques avec celles produites par des trajectoires et id\u00e9ologies personnelles \u2013 individuelles ou communautaires. L\u2019auteure cherche ainsi \u00e0 comprendre comment, \u00e0 travers la transmission de la langue, se cr\u00e9e un lien social toujours sp\u00e9cifique au sein de ce qu\u2019elle d\u00e9crit comme une communaut\u00e9 asile: personnes migrantes, b\u00e9n\u00e9voles, sp\u00e9cialistes du travail social et responsables politiques, pour qui la langue importe toujours.<\/p>\n<\/blockquote>\n","protected":false},"excerpt":{"rendered":"<p>Author(s): Anne-Christel Zeiter Source: https:\/\/www.peterlang.com\/document\/1612365<\/p>\n","protected":false},"author":3,"featured_media":0,"comment_status":"open","ping_status":"open","sticky":false,"template":"","format":"standard","meta":{"_kadence_starter_templates_imported_post":false,"_kad_post_transparent":"","_kad_post_title":"","_kad_post_layout":"","_kad_post_sidebar_id":"","_kad_post_content_style":"","_kad_post_vertical_padding":"","_kad_post_feature":"","_kad_post_feature_position":"","_kad_post_header":false,"_kad_post_footer":false,"_kad_post_classname":"","jetpack_post_was_ever_published":false,"_jetpack_newsletter_access":"","_jetpack_dont_email_post_to_subs":false,"_jetpack_newsletter_tier_id":0,"_jetpack_memberships_contains_paywalled_content":false,"_jetpack_memberships_contains_paid_content":false,"footnotes":""},"categories":[167],"tags":[854,49,112,562,483,159,173,52,236,103,91,340,401],"class_list":["post-38702","post","type-post","status-publish","format-standard","hentry","category-ethnicity-languages-religion-arts","tag-854","tag-asylum-policy","tag-asylum-procedure","tag-book","tag-communities","tag-community-languages-teaching","tag-cross-cultural-communication","tag-french-language","tag-language-barriers","tag-refugees","tag-social-integration","tag-social-support","tag-social-workers"],"jetpack_featured_media_url":"","jetpack_sharing_enabled":true,"_links":{"self":[{"href":"https:\/\/swissmig.unine.ch\/index.php?rest_route=\/wp\/v2\/posts\/38702","targetHints":{"allow":["GET"]}}],"collection":[{"href":"https:\/\/swissmig.unine.ch\/index.php?rest_route=\/wp\/v2\/posts"}],"about":[{"href":"https:\/\/swissmig.unine.ch\/index.php?rest_route=\/wp\/v2\/types\/post"}],"author":[{"embeddable":true,"href":"https:\/\/swissmig.unine.ch\/index.php?rest_route=\/wp\/v2\/users\/3"}],"replies":[{"embeddable":true,"href":"https:\/\/swissmig.unine.ch\/index.php?rest_route=%2Fwp%2Fv2%2Fcomments&post=38702"}],"version-history":[{"count":1,"href":"https:\/\/swissmig.unine.ch\/index.php?rest_route=\/wp\/v2\/posts\/38702\/revisions"}],"predecessor-version":[{"id":38703,"href":"https:\/\/swissmig.unine.ch\/index.php?rest_route=\/wp\/v2\/posts\/38702\/revisions\/38703"}],"wp:attachment":[{"href":"https:\/\/swissmig.unine.ch\/index.php?rest_route=%2Fwp%2Fv2%2Fmedia&parent=38702"}],"wp:term":[{"taxonomy":"category","embeddable":true,"href":"https:\/\/swissmig.unine.ch\/index.php?rest_route=%2Fwp%2Fv2%2Fcategories&post=38702"},{"taxonomy":"post_tag","embeddable":true,"href":"https:\/\/swissmig.unine.ch\/index.php?rest_route=%2Fwp%2Fv2%2Ftags&post=38702"}],"curies":[{"name":"wp","href":"https:\/\/api.w.org\/{rel}","templated":true}]}}