{"id":38694,"date":"2026-04-09T12:59:00","date_gmt":"2026-04-09T10:59:00","guid":{"rendered":"https:\/\/swissmig.unine.ch\/?p=38694"},"modified":"2026-04-09T11:03:45","modified_gmt":"2026-04-09T09:03:45","slug":"la-politique-migratoire-suisse-entre-controle-et-integration","status":"publish","type":"post","link":"https:\/\/swissmig.unine.ch\/?p=38694","title":{"rendered":"La politique migratoire suisse : entre contr\u00f4le et int\u00e9gration"},"content":{"rendered":"\n<div class=\"wp-block-group\"><div class=\"wp-block-group__inner-container is-layout-constrained wp-block-group-is-layout-constrained\">\n<div class=\"wp-block-group is-vertical is-layout-flex wp-container-core-group-is-layout-8cf370e7 wp-block-group-is-layout-flex\">\n<h3 class=\"wp-block-heading\">Author(s): Claudio Bolzman<\/h3>\n\n\n\n<h3 class=\"wp-block-heading\">Source: <a href=\"https:\/\/ecarts-identite.org\/IMG\/pdf\/13ei-99-bolzman.pdf\" target=\"_blank\" rel=\"noreferrer noopener\">https:\/\/ecarts-identite.org\/IMG\/pdf\/13ei-99-bolzman.pdf<\/a><\/h3>\n<\/div>\n<\/div><\/div>\n\n\n\n<!--more-->\n\n\n\n<p><strong>Abstract<\/strong><\/p>\n\n\n\n<blockquote class=\"wp-block-quote is-layout-flow wp-block-quote-is-layout-flow\">\n<p>Le cas de la Suisse illustre explicitement les paradoxes des politiques migratoires de certains<br>pays industrialis\u00e9s : la mise en place d&#8217;une politique d&#8217;int\u00e9gration qui se veut \u00e9galitaire est conditionn\u00e9e par une politique d&#8217;immigration de plus en plus s\u00e9lective g\u00e9ographiquement<br>et ethniquement.<\/p>\n<\/blockquote>\n","protected":false},"excerpt":{"rendered":"<p>Author(s): Claudio Bolzman Source: https:\/\/ecarts-identite.org\/IMG\/pdf\/13ei-99-bolzman.pdf<\/p>\n","protected":false},"author":3,"featured_media":0,"comment_status":"open","ping_status":"open","sticky":false,"template":"","format":"standard","meta":{"_kadence_starter_templates_imported_post":false,"_kad_post_transparent":"","_kad_post_title":"","_kad_post_layout":"","_kad_post_sidebar_id":"","_kad_post_content_style":"","_kad_post_vertical_padding":"","_kad_post_feature":"","_kad_post_feature_position":"","_kad_post_header":false,"_kad_post_footer":false,"_kad_post_classname":"","jetpack_post_was_ever_published":false,"_jetpack_newsletter_access":"","_jetpack_dont_email_post_to_subs":true,"_jetpack_newsletter_tier_id":0,"_jetpack_memberships_contains_paywalled_content":false,"_jetpack_memberships_contains_paid_content":false,"footnotes":""},"categories":[12],"tags":[346,7,106,57,120,79,82,52,87,133,387,36],"class_list":["post-38694","post","type-post","status-publish","format-standard","hentry","category-politics","tag-346","tag-article","tag-border-controls","tag-comparative-analysis","tag-data-analysis","tag-equal-opportunities","tag-ethnic-discrimination","tag-french-language","tag-history","tag-immigrant-policy","tag-integration-policy","tag-migration-policy"],"jetpack_featured_media_url":"","jetpack_sharing_enabled":true,"_links":{"self":[{"href":"https:\/\/swissmig.unine.ch\/index.php?rest_route=\/wp\/v2\/posts\/38694","targetHints":{"allow":["GET"]}}],"collection":[{"href":"https:\/\/swissmig.unine.ch\/index.php?rest_route=\/wp\/v2\/posts"}],"about":[{"href":"https:\/\/swissmig.unine.ch\/index.php?rest_route=\/wp\/v2\/types\/post"}],"author":[{"embeddable":true,"href":"https:\/\/swissmig.unine.ch\/index.php?rest_route=\/wp\/v2\/users\/3"}],"replies":[{"embeddable":true,"href":"https:\/\/swissmig.unine.ch\/index.php?rest_route=%2Fwp%2Fv2%2Fcomments&post=38694"}],"version-history":[{"count":1,"href":"https:\/\/swissmig.unine.ch\/index.php?rest_route=\/wp\/v2\/posts\/38694\/revisions"}],"predecessor-version":[{"id":38695,"href":"https:\/\/swissmig.unine.ch\/index.php?rest_route=\/wp\/v2\/posts\/38694\/revisions\/38695"}],"wp:attachment":[{"href":"https:\/\/swissmig.unine.ch\/index.php?rest_route=%2Fwp%2Fv2%2Fmedia&parent=38694"}],"wp:term":[{"taxonomy":"category","embeddable":true,"href":"https:\/\/swissmig.unine.ch\/index.php?rest_route=%2Fwp%2Fv2%2Fcategories&post=38694"},{"taxonomy":"post_tag","embeddable":true,"href":"https:\/\/swissmig.unine.ch\/index.php?rest_route=%2Fwp%2Fv2%2Ftags&post=38694"}],"curies":[{"name":"wp","href":"https:\/\/api.w.org\/{rel}","templated":true}]}}