{"id":38692,"date":"2026-04-09T12:52:00","date_gmt":"2026-04-09T10:52:00","guid":{"rendered":"https:\/\/swissmig.unine.ch\/?p=38692"},"modified":"2026-04-09T10:57:31","modified_gmt":"2026-04-09T08:57:31","slug":"problemes-dintegration-des-ressortissants-etrangers-en-suisse-identification-des-faits-des-causes-des-groupes-a-risque-des-mesures-existantes-ainsi-que-des-mesures-a-prendre-en-matiere-d","status":"publish","type":"post","link":"https:\/\/swissmig.unine.ch\/?p=38692","title":{"rendered":"Probl\u00e8mes d\u2019int\u00e9gration des ressortissants \u00e9trangers en Suisse : identification des faits, des causes, des groupes \u00e0 risque, des mesures existantes ainsi que des mesures \u00e0 prendre en mati\u00e8re de politique d\u2019int\u00e9gration"},"content":{"rendered":"\n<div class=\"wp-block-group\"><div class=\"wp-block-group__inner-container is-layout-constrained wp-block-group-is-layout-constrained\">\n<div class=\"wp-block-group is-vertical is-layout-flex wp-container-core-group-is-layout-8cf370e7 wp-block-group-is-layout-flex\">\n<h3 class=\"wp-block-heading\">Author(s): Office f\u00e9d\u00e9ral des migrations (ODM)<\/h3>\n\n\n\n<h3 class=\"wp-block-heading\">Source: <a href=\"https:\/\/www.bj.admin.ch\/bj\/fr\/home\/publiservice\/publikationen\/berichte-gutachten\/2006-07.html\" target=\"_blank\" rel=\"noreferrer noopener\">https:\/\/www.bj.admin.ch\/bj\/fr\/home\/publiservice\/publikationen\/berichte-gutachten\/2006-07.html<\/a><\/h3>\n<\/div>\n<\/div><\/div>\n\n\n\n<!--more-->\n\n\n\n<p><strong>Abstract<\/strong><\/p>\n\n\n\n<blockquote class=\"wp-block-quote is-layout-flow wp-block-quote-is-layout-flow\">\n<p>Jusqu\u2019\u00e0 ce jour, les \u00e9tudes sur l\u2019\u00e9tat de l\u2019int\u00e9gration en Suisse de la population \u00e9trang\u00e8re ne<br>portaient que sur un petit nombre de domaines. En janvier 2005, le chef du DFJP a confi\u00e9 \u00e0<br>l\u2019ODM le mandat de faire un \u00e9tat des lieux de la situation en mati\u00e8re d\u2019int\u00e9gration, d\u2019identifier<br>les probl\u00e8mes qui se posent ainsi que de d\u00e9finir les mesures \u00e0 prendre. Lors de la<br>pr\u00e9paration de ce rapport, la contribution des offices f\u00e9d\u00e9raux concern\u00e9s et des cantons a<br>\u00e9t\u00e9 sollicit\u00e9e sur des questions relevant de leur comp\u00e9tence respective.<br>Avec pr\u00e8s de 1,5 million d\u2019\u00e9trangers, la Suisse compte au nombre des pays europ\u00e9ens<br>pr\u00e9sentant la plus forte proportion d\u2019\u00e9trangers; la part d\u2019\u00e9trangers dans la population totale<br>s\u2019\u00e9l\u00e8ve \u00e0 21,8% (2004). Parmi les pays de l\u2019Union europ\u00e9enne (UE) et de l\u2019Association<br>europ\u00e9enne de libre \u00e9change (AELE), seuls le Luxembourg, le Liechtenstein, l\u2019Estonie et la<br>Lettonie affichent des taux plus \u00e9lev\u00e9s. Si l\u2019on en juge par le nombre relativement \u00e9lev\u00e9<br>d\u2019\u00e9trangers dans notre pays, l\u2019int\u00e9gration des ressortissants \u00e9trangers en Suisse peut, \u00e0 ce<br>jour, \u00eatre qualifi\u00e9e de bonne en comparaison avec d\u2019autres Etats. Cela \u00e9tant, nous nous<br>attacherons ici \u00e0 exposer les probl\u00e8mes qui subsistent et \u00e0 proposer des mesures<br>susceptibles de les r\u00e9soudre.<\/p>\n<\/blockquote>\n","protected":false},"excerpt":{"rendered":"<p>Author(s): Office f\u00e9d\u00e9ral des migrations (ODM) Source: https:\/\/www.bj.admin.ch\/bj\/fr\/home\/publiservice\/publikationen\/berichte-gutachten\/2006-07.html<\/p>\n","protected":false},"author":3,"featured_media":0,"comment_status":"open","ping_status":"open","sticky":false,"template":"","format":"standard","meta":{"_kadence_starter_templates_imported_post":false,"_kad_post_transparent":"","_kad_post_title":"","_kad_post_layout":"","_kad_post_sidebar_id":"","_kad_post_content_style":"","_kad_post_vertical_padding":"","_kad_post_feature":"","_kad_post_feature_position":"","_kad_post_header":false,"_kad_post_footer":false,"_kad_post_classname":"","jetpack_post_was_ever_published":false,"_jetpack_newsletter_access":"","_jetpack_dont_email_post_to_subs":true,"_jetpack_newsletter_tier_id":0,"_jetpack_memberships_contains_paywalled_content":false,"_jetpack_memberships_contains_paid_content":false,"footnotes":""},"categories":[12],"tags":[417,37,273,322,176,52,133,387,160,276,249,91,143],"class_list":["post-38692","post","type-post","status-publish","format-standard","hentry","category-politics","tag-417","tag-attitudes-towards-migrants","tag-cantons","tag-causes-of-migration","tag-economic-integration","tag-french-language","tag-immigrant-policy","tag-integration-policy","tag-integration-programmes","tag-literature-review","tag-report","tag-social-integration","tag-statistical-data"],"jetpack_featured_media_url":"","jetpack_sharing_enabled":true,"_links":{"self":[{"href":"https:\/\/swissmig.unine.ch\/index.php?rest_route=\/wp\/v2\/posts\/38692","targetHints":{"allow":["GET"]}}],"collection":[{"href":"https:\/\/swissmig.unine.ch\/index.php?rest_route=\/wp\/v2\/posts"}],"about":[{"href":"https:\/\/swissmig.unine.ch\/index.php?rest_route=\/wp\/v2\/types\/post"}],"author":[{"embeddable":true,"href":"https:\/\/swissmig.unine.ch\/index.php?rest_route=\/wp\/v2\/users\/3"}],"replies":[{"embeddable":true,"href":"https:\/\/swissmig.unine.ch\/index.php?rest_route=%2Fwp%2Fv2%2Fcomments&post=38692"}],"version-history":[{"count":1,"href":"https:\/\/swissmig.unine.ch\/index.php?rest_route=\/wp\/v2\/posts\/38692\/revisions"}],"predecessor-version":[{"id":38693,"href":"https:\/\/swissmig.unine.ch\/index.php?rest_route=\/wp\/v2\/posts\/38692\/revisions\/38693"}],"wp:attachment":[{"href":"https:\/\/swissmig.unine.ch\/index.php?rest_route=%2Fwp%2Fv2%2Fmedia&parent=38692"}],"wp:term":[{"taxonomy":"category","embeddable":true,"href":"https:\/\/swissmig.unine.ch\/index.php?rest_route=%2Fwp%2Fv2%2Fcategories&post=38692"},{"taxonomy":"post_tag","embeddable":true,"href":"https:\/\/swissmig.unine.ch\/index.php?rest_route=%2Fwp%2Fv2%2Ftags&post=38692"}],"curies":[{"name":"wp","href":"https:\/\/api.w.org\/{rel}","templated":true}]}}