{"id":38684,"date":"2026-04-13T08:00:00","date_gmt":"2026-04-13T06:00:00","guid":{"rendered":"https:\/\/swissmig.unine.ch\/?p=38684"},"modified":"2026-04-02T17:52:03","modified_gmt":"2026-04-02T15:52:03","slug":"experience-du-personnel-soignant-et-administratif-travaillant-avec-les-personnes-requerantes-dasile-dans-le-contexte-actuel-de-polycrise-une-etude-qualitative","status":"publish","type":"post","link":"https:\/\/swissmig.unine.ch\/?p=38684","title":{"rendered":"Exp\u00e9rience du personnel soignant et administratif travaillant avec les personnes requ\u00e9rantes d&#8217;asile dans le contexte actuel de polycrise : une \u00e9tude qualitative"},"content":{"rendered":"\n<div class=\"wp-block-group\"><div class=\"wp-block-group__inner-container is-layout-constrained wp-block-group-is-layout-constrained\">\n<div class=\"wp-block-group is-vertical is-layout-flex wp-container-core-group-is-layout-8cf370e7 wp-block-group-is-layout-flex\">\n<h3 class=\"wp-block-heading\">Author(s): L\u00e9a Grosjean<\/h3>\n\n\n\n<h3 class=\"wp-block-heading\">Source: <a href=\"https:\/\/iris.unil.ch\/handle\/iris\/280439\" target=\"_blank\" rel=\"noreferrer noopener\">https:\/\/iris.unil.ch\/handle\/iris\/280439<\/a><\/h3>\n<\/div>\n<\/div><\/div>\n\n\n\n<!--more-->\n\n\n\n<p><strong>Abstract<\/strong><\/p>\n\n\n\n<blockquote class=\"wp-block-quote is-layout-flow wp-block-quote-is-layout-flow\">\n<p>Contexte : Le personnel soignant et administratif qui travaille avec les personnes<br>requ\u00e9rantes d&#8217;asile est expos\u00e9 \u00e0 un risque d&#8217;\u00e9puisement professionnel, de fatigue<br>\u00e9motionnelle et de traumatisme vicariant. De plus, il est confront\u00e9 \u00e0 une s\u00e9rie de crises,<br>notamment la crise des r\u00e9fugi\u00e9.es de 2015-2016, la pand\u00e9mie de Covid-19, la guerre en<br>Ukraine et le changement climatique, qui complexifient son travail quotidien et<br>augmentent le nombre de personnes requ\u00e9rantes d\u2019asile. Malgr\u00e9 ce contexte alarmant,<br>peu de recherches ont explor\u00e9 les exp\u00e9riences personnelles du personnel soignant et<br>administratif travaillant avec les personnes requ\u00e9rantes d&#8217;asile. En r\u00e9ponse \u00e0 cela, cette<br>\u00e9tude qualitative visait \u00e0 explorer leurs exp\u00e9riences, leurs ressources et leurs besoins li\u00e9s<br>\u00e0 leur travail dans le contexte actuel de polycrise en Suisse.<\/p>\n<\/blockquote>\n","protected":false},"excerpt":{"rendered":"<p>Author(s): L\u00e9a Grosjean Source: https:\/\/iris.unil.ch\/handle\/iris\/280439<\/p>\n","protected":false},"author":3,"featured_media":0,"comment_status":"open","ping_status":"open","sticky":false,"template":"","format":"standard","meta":{"_kadence_starter_templates_imported_post":false,"_kad_post_transparent":"","_kad_post_title":"","_kad_post_layout":"","_kad_post_sidebar_id":"","_kad_post_content_style":"","_kad_post_vertical_padding":"","_kad_post_feature":"","_kad_post_feature_position":"","_kad_post_header":false,"_kad_post_footer":false,"_kad_post_classname":"","jetpack_post_was_ever_published":false,"_jetpack_newsletter_access":"","_jetpack_dont_email_post_to_subs":false,"_jetpack_newsletter_tier_id":0,"_jetpack_memberships_contains_paywalled_content":false,"_jetpack_memberships_contains_paid_content":false,"footnotes":""},"categories":[59],"tags":[854,50,659,777,589,52,127,373,470],"class_list":["post-38684","post","type-post","status-publish","format-standard","hentry","category-health","tag-854","tag-asylum-seekers","tag-care-workers","tag-crises","tag-doctoral-thesis","tag-french-language","tag-health-policy","tag-qualitative-research","tag-trauma"],"jetpack_featured_media_url":"","jetpack_sharing_enabled":true,"_links":{"self":[{"href":"https:\/\/swissmig.unine.ch\/index.php?rest_route=\/wp\/v2\/posts\/38684","targetHints":{"allow":["GET"]}}],"collection":[{"href":"https:\/\/swissmig.unine.ch\/index.php?rest_route=\/wp\/v2\/posts"}],"about":[{"href":"https:\/\/swissmig.unine.ch\/index.php?rest_route=\/wp\/v2\/types\/post"}],"author":[{"embeddable":true,"href":"https:\/\/swissmig.unine.ch\/index.php?rest_route=\/wp\/v2\/users\/3"}],"replies":[{"embeddable":true,"href":"https:\/\/swissmig.unine.ch\/index.php?rest_route=%2Fwp%2Fv2%2Fcomments&post=38684"}],"version-history":[{"count":1,"href":"https:\/\/swissmig.unine.ch\/index.php?rest_route=\/wp\/v2\/posts\/38684\/revisions"}],"predecessor-version":[{"id":38685,"href":"https:\/\/swissmig.unine.ch\/index.php?rest_route=\/wp\/v2\/posts\/38684\/revisions\/38685"}],"wp:attachment":[{"href":"https:\/\/swissmig.unine.ch\/index.php?rest_route=%2Fwp%2Fv2%2Fmedia&parent=38684"}],"wp:term":[{"taxonomy":"category","embeddable":true,"href":"https:\/\/swissmig.unine.ch\/index.php?rest_route=%2Fwp%2Fv2%2Fcategories&post=38684"},{"taxonomy":"post_tag","embeddable":true,"href":"https:\/\/swissmig.unine.ch\/index.php?rest_route=%2Fwp%2Fv2%2Ftags&post=38684"}],"curies":[{"name":"wp","href":"https:\/\/api.w.org\/{rel}","templated":true}]}}