{"id":38647,"date":"2026-03-15T18:06:00","date_gmt":"2026-03-15T17:06:00","guid":{"rendered":"https:\/\/swissmig.unine.ch\/?p=38647"},"modified":"2026-03-15T17:10:53","modified_gmt":"2026-03-15T16:10:53","slug":"a-propos-de-quelques-problemes-de-lemigration-italienne-en-suisse","status":"publish","type":"post","link":"https:\/\/swissmig.unine.ch\/?p=38647","title":{"rendered":"A propos de quelques probl\u00e8mes de l&#8217;\u00e9migration italienne en Suisse"},"content":{"rendered":"\n<div class=\"wp-block-group\"><div class=\"wp-block-group__inner-container is-layout-constrained wp-block-group-is-layout-constrained\">\n<div class=\"wp-block-group is-vertical is-layout-flex wp-container-core-group-is-layout-8cf370e7 wp-block-group-is-layout-flex\">\n<h3 class=\"wp-block-heading\">Author(s): J. L. Villa<\/h3>\n\n\n\n<h3 class=\"wp-block-heading\">Source: <a href=\"https:\/\/doi.org\/10.1007\/BF02031253\" target=\"_blank\" rel=\"noreferrer noopener\">https:\/\/doi.org\/10.1007\/BF02031253<\/a><\/h3>\n<\/div>\n<\/div><\/div>\n\n\n\n<!--more-->\n\n\n\n<p><strong>Abstract<\/strong><\/p>\n\n\n\n<blockquote class=\"wp-block-quote is-layout-flow wp-block-quote-is-layout-flow\">\n<p>Apr\u00e8s avoir donn\u00e9 un aper\u00e7u historique du ph\u00e9nom\u00e8ne migratoire europ\u00e9en en g\u00e9n\u00e9ral et italien en particulier, l&#8217;auteur, se r\u00e9f\u00e9rant \u00e0 un mat\u00e9riel d&#8217;observation clinique concernant environ 700 \u00e9migr\u00e9s italiens examin\u00e9s en l&#8217;espace de dix ans \u00e0 la Policlinique psychiatrique universitaire de Lausanne, aborde les probl\u00e8mes psychologiques et sociaux pos\u00e9s par ce type de population vivant dans un milieu \u00e9tranger. Il insiste sp\u00e9cialement sur les difficult\u00e9s d&#8217;adaptation somatique, sociale et affective et sur les causes pr\u00e9disposant l&#8217;\u00e9closion de manifestations de d\u00e9sadaptation chez le travailleur italien en Suisse. Ces causes rel\u00e8vent de la structure de la personnalit\u00e9 pr\u00e9morbide, vue dans une perspective psychodynamique, ainsi que de facteurs psychologiques et sociaux propres \u00e0 la provenance g\u00e9ographique des sujets. L&#8217;intervention d&#8217;un agent traumatisant non sp\u00e9cifique d\u00e9clenche en g\u00e9n\u00e9ral une \u00e9volution anxieuse qui aboutit au syndrome de d\u00e9sadaptation. Le traitement de ces cas consiste le plus souvent en des mesures sociales, le niveau intellectuel du type de population consid\u00e9r\u00e9 ne permettant pas en g\u00e9n\u00e9ral une approche psychoth\u00e9rapique plus approfondie. Enfin, l&#8217;auteur se livre \u00e0 quelques remarques au sujet des crit\u00e8res de s\u00e9lection de la main-d&#8217;\u0153uvre \u00e9trang\u00e8re en Suisse.<\/p>\n\n\n\n<p>Nach einem historischen \u00dcberblick \u00fcber europ\u00e4ische und besonders italienische Migrationsbewegungen geht der Autor auf das klinische Beobachtungsmaterial der psychiatrischen Poliklinik der Universit\u00e4t Lausanne ein, das im Verlaufe der letzten 10 Jahre an etwa 700 italienischen Auswanderern gesammelt wurde, und widmet sich dabei den sozialen und psychologischen Problemen, denen diese in einer fremden Umgebung lebende Bev\u00f6lkerungsschicht begegnet. Der Autor weist besonders auf die Schwierigkeit der somatischen, affektiven und sozialen Anpassung und auf die zur offenen Manifestierung von Adaptationsst\u00f6rungen disponierenden Faktoren beim italienischen Arbeiter in der Schweiz hin. Diese Gr\u00fcnde liegen in der pr\u00e4morbiden Struktur der Pers\u00f6nlichkeit, wie sie in psychodynamischer Sicht gesehen wird, wie auch in den eigentlichen psychologischen und sozialen Faktoren der geographischen Herkunft. Im allgemeinen f\u00fchrt ein unspezifisches traumatisches Ereignis zur Angstentwicklung, die schlie\u00dflich in der manifesten Adaptationsst\u00f6rung endet. Die Behandlung solcher F\u00e4lle erlaubt im allgemeinen unter Ber\u00fccksichtigung des Intelligenzniveaus dieser Bev\u00f6lkerungsschicht ein tieferes psychotherapeutisches Eingehen nicht und beruht deshalb meistens auf einfachen Sozialma\u00dfnahmen. Zum Schlu\u00df macht der Autor einige Bemerkungen zu den Kriterien der Auswahl des Fremdarbeiters in der Schweiz.<\/p>\n<\/blockquote>\n","protected":false},"excerpt":{"rendered":"<p>Author(s): J. L. Villa Source: https:\/\/doi.org\/10.1007\/BF02031253<\/p>\n","protected":false},"author":3,"featured_media":0,"comment_status":"open","ping_status":"open","sticky":false,"template":"","format":"standard","meta":{"_kadence_starter_templates_imported_post":false,"_kad_post_transparent":"","_kad_post_title":"","_kad_post_layout":"","_kad_post_sidebar_id":"","_kad_post_content_style":"","_kad_post_vertical_padding":"","_kad_post_feature":"","_kad_post_feature_position":"","_kad_post_header":false,"_kad_post_footer":false,"_kad_post_classname":"","jetpack_post_was_ever_published":false,"_jetpack_newsletter_access":"","_jetpack_dont_email_post_to_subs":true,"_jetpack_newsletter_tier_id":0,"_jetpack_memberships_contains_paywalled_content":false,"_jetpack_memberships_contains_paid_content":false,"footnotes":""},"categories":[59],"tags":[741,794,7,52,87,175,338,186,339,187,91,245,370,384],"class_list":["post-38647","post","type-post","status-publish","format-standard","hentry","category-health","tag-741","tag-adaptation","tag-article","tag-french-language","tag-history","tag-italians","tag-posttraumatic-stress-disoorder","tag-psychiatry","tag-psychological-problems","tag-psychosomatic-disorders","tag-social-integration","tag-temporary-migration","tag-vaud","tag-workers"],"jetpack_featured_media_url":"","jetpack_sharing_enabled":true,"_links":{"self":[{"href":"https:\/\/swissmig.unine.ch\/index.php?rest_route=\/wp\/v2\/posts\/38647","targetHints":{"allow":["GET"]}}],"collection":[{"href":"https:\/\/swissmig.unine.ch\/index.php?rest_route=\/wp\/v2\/posts"}],"about":[{"href":"https:\/\/swissmig.unine.ch\/index.php?rest_route=\/wp\/v2\/types\/post"}],"author":[{"embeddable":true,"href":"https:\/\/swissmig.unine.ch\/index.php?rest_route=\/wp\/v2\/users\/3"}],"replies":[{"embeddable":true,"href":"https:\/\/swissmig.unine.ch\/index.php?rest_route=%2Fwp%2Fv2%2Fcomments&post=38647"}],"version-history":[{"count":1,"href":"https:\/\/swissmig.unine.ch\/index.php?rest_route=\/wp\/v2\/posts\/38647\/revisions"}],"predecessor-version":[{"id":38648,"href":"https:\/\/swissmig.unine.ch\/index.php?rest_route=\/wp\/v2\/posts\/38647\/revisions\/38648"}],"wp:attachment":[{"href":"https:\/\/swissmig.unine.ch\/index.php?rest_route=%2Fwp%2Fv2%2Fmedia&parent=38647"}],"wp:term":[{"taxonomy":"category","embeddable":true,"href":"https:\/\/swissmig.unine.ch\/index.php?rest_route=%2Fwp%2Fv2%2Fcategories&post=38647"},{"taxonomy":"post_tag","embeddable":true,"href":"https:\/\/swissmig.unine.ch\/index.php?rest_route=%2Fwp%2Fv2%2Ftags&post=38647"}],"curies":[{"name":"wp","href":"https:\/\/api.w.org\/{rel}","templated":true}]}}