{"id":38627,"date":"2026-03-04T18:00:00","date_gmt":"2026-03-04T17:00:00","guid":{"rendered":"https:\/\/swissmig.unine.ch\/?p=38627"},"modified":"2026-03-04T17:22:55","modified_gmt":"2026-03-04T16:22:55","slug":"citoyennete-identite-nationale-et-mobilisation-de-lextreme-droite-une-comparaison-entre-la-france-lallemagne-les-pays-bas-et-la-suisse","status":"publish","type":"post","link":"https:\/\/swissmig.unine.ch\/?p=38627","title":{"rendered":"Citoyennet\u00e9, identit\u00e9 nationale et mobilisation de l\u2019extr\u00eame droite. Une comparaison entre la France, l\u2019Allemagne, les Pays-Bas et la Suisse"},"content":{"rendered":"\n<div class=\"wp-block-group\"><div class=\"wp-block-group__inner-container is-layout-constrained wp-block-group-is-layout-constrained\">\n<div class=\"wp-block-group is-vertical is-layout-flex wp-container-core-group-is-layout-8cf370e7 wp-block-group-is-layout-flex\">\n<h3 class=\"wp-block-heading\">Author(s): Ruud Koopmans, Hanspeter Kriesi <\/h3>\n\n\n\n<h3 class=\"wp-block-heading\">Source: <a href=\"https:\/\/doi.org\/10.3917\/puf.birnb.1998.01.0295\" target=\"_blank\" rel=\"noreferrer noopener\">https:\/\/doi.org\/10.3917\/puf.birnb.1998.01.0295<\/a><\/h3>\n<\/div>\n<\/div><\/div>\n\n\n\n<!--more-->\n\n\n\n<p><strong>Abstract<\/strong><\/p>\n\n\n\n<blockquote class=\"wp-block-quote is-layout-flow wp-block-quote-is-layout-flow\">\n<p>Des liens nationaux et ethniques que l\u2019on croyait voir s\u2019affaiblir de plus en plus ont r\u00e9cemment regagn\u00e9 de l\u2019importance comme bases des identit\u00e9s collectives et de la mobilisation politique. En Europe de l\u2019Ouest, ce changement a pris la forme d\u2019une politisation de l\u2019immigration et s\u2019est accompagn\u00e9 de la prolif\u00e9ration d\u2019acteurs x\u00e9nophobes et d\u2019extr\u00eame droite sur la sc\u00e8ne politique. Les sciences sociales se sont occup\u00e9es de ces d\u00e9veloppements dans le cadre d\u2019un nombre grandissant d\u2019\u00e9tudes portant, d\u2019une part, sur les mouvements nationalistes et x\u00e9nophobes et, d\u2019autre part, sur les conceptions de la nationalit\u00e9 et de la citoyennet\u00e9. Nous aimerions combiner ici ces deux perspectives et discuter les relations entre des conceptions de la citoyennet\u00e9 et de la nationalit\u00e9 diff\u00e9rentes par rapport \u00e0 la mobilisation ethnocentrique des extr\u00e9mistes de droite.<\/p>\n<\/blockquote>\n","protected":false},"excerpt":{"rendered":"<p>Author(s): Ruud Koopmans, Hanspeter Kriesi Source: https:\/\/doi.org\/10.3917\/puf.birnb.1998.01.0295<\/p>\n","protected":false},"author":3,"featured_media":0,"comment_status":"open","ping_status":"open","sticky":false,"template":"","format":"standard","meta":{"_kadence_starter_templates_imported_post":false,"_kad_post_transparent":"","_kad_post_title":"","_kad_post_layout":"","_kad_post_sidebar_id":"","_kad_post_content_style":"","_kad_post_vertical_padding":"","_kad_post_feature":"","_kad_post_feature_position":"","_kad_post_header":false,"_kad_post_footer":false,"_kad_post_classname":"","jetpack_post_was_ever_published":false,"_jetpack_newsletter_access":"","_jetpack_dont_email_post_to_subs":true,"_jetpack_newsletter_tier_id":0,"_jetpack_memberships_contains_paywalled_content":false,"_jetpack_memberships_contains_paid_content":false,"footnotes":""},"categories":[12],"tags":[534,32,70,57,151,197,52,226,205,228,327,254,97],"class_list":["post-38627","post","type-post","status-publish","format-standard","hentry","category-politics","tag-534","tag-book-chapter","tag-citizenship","tag-comparative-analysis","tag-cultural-identity","tag-france","tag-french-language","tag-germany","tag-national-identity","tag-netherlands","tag-research","tag-right-wing-radicalism","tag-xenophobia"],"jetpack_featured_media_url":"","jetpack_sharing_enabled":true,"_links":{"self":[{"href":"https:\/\/swissmig.unine.ch\/index.php?rest_route=\/wp\/v2\/posts\/38627","targetHints":{"allow":["GET"]}}],"collection":[{"href":"https:\/\/swissmig.unine.ch\/index.php?rest_route=\/wp\/v2\/posts"}],"about":[{"href":"https:\/\/swissmig.unine.ch\/index.php?rest_route=\/wp\/v2\/types\/post"}],"author":[{"embeddable":true,"href":"https:\/\/swissmig.unine.ch\/index.php?rest_route=\/wp\/v2\/users\/3"}],"replies":[{"embeddable":true,"href":"https:\/\/swissmig.unine.ch\/index.php?rest_route=%2Fwp%2Fv2%2Fcomments&post=38627"}],"version-history":[{"count":1,"href":"https:\/\/swissmig.unine.ch\/index.php?rest_route=\/wp\/v2\/posts\/38627\/revisions"}],"predecessor-version":[{"id":38628,"href":"https:\/\/swissmig.unine.ch\/index.php?rest_route=\/wp\/v2\/posts\/38627\/revisions\/38628"}],"wp:attachment":[{"href":"https:\/\/swissmig.unine.ch\/index.php?rest_route=%2Fwp%2Fv2%2Fmedia&parent=38627"}],"wp:term":[{"taxonomy":"category","embeddable":true,"href":"https:\/\/swissmig.unine.ch\/index.php?rest_route=%2Fwp%2Fv2%2Fcategories&post=38627"},{"taxonomy":"post_tag","embeddable":true,"href":"https:\/\/swissmig.unine.ch\/index.php?rest_route=%2Fwp%2Fv2%2Ftags&post=38627"}],"curies":[{"name":"wp","href":"https:\/\/api.w.org\/{rel}","templated":true}]}}