{"id":38620,"date":"2026-03-09T08:00:00","date_gmt":"2026-03-09T07:00:00","guid":{"rendered":"https:\/\/swissmig.unine.ch\/?p=38620"},"modified":"2026-02-24T10:53:58","modified_gmt":"2026-02-24T09:53:58","slug":"vivre-sans-nationalite-reconnue-lapatridie-comme-consequence-des-denis-politiques","status":"publish","type":"post","link":"https:\/\/swissmig.unine.ch\/?p=38620","title":{"rendered":"Vivre sans nationalit\u00e9 reconnue : l\u2019apatridie comme cons\u00e9quence des d\u00e9nis politiques"},"content":{"rendered":"\n<div class=\"wp-block-group\"><div class=\"wp-block-group__inner-container is-layout-constrained wp-block-group-is-layout-constrained\">\n<div class=\"wp-block-group is-vertical is-layout-flex wp-container-core-group-is-layout-8cf370e7 wp-block-group-is-layout-flex\">\n<h3 class=\"wp-block-heading\">Author(s): Observatoire romand du droit d\u2019asile et des \u00e9trangers\u2022\u00e8res (ODAE)<\/h3>\n\n\n\n<h3 class=\"wp-block-heading\">Source: <a href=\"https:\/\/odae-romand.ch\/wp\/wp-content\/uploads\/2024\/12\/Panorama-N%C2%B07_web-ps.pdf\" target=\"_blank\" rel=\"noreferrer noopener\">https:\/\/odae-romand.ch\/wp\/wp-content\/uploads\/2024\/12\/Panorama-N%C2%B07_web-ps.pdf<\/a><\/h3>\n<\/div>\n<\/div><\/div>\n\n\n\n<!--more-->\n\n\n\n<p><strong>Abstract<\/strong><\/p>\n\n\n\n<blockquote class=\"wp-block-quote is-layout-flow wp-block-quote-is-layout-flow\">\n<p>Avec le d\u00e9mant\u00e8lement des empires et l\u2019av\u00e8nement des \u00c9tats-Nations au 19 e si\u00e8cle, la notion de<br>\u00ab fronti\u00e8re \u00bb et celle de \u00ab nationalit\u00e9 \u00bb deviennent des enjeux fondamentaux. Les territoires nationaux se rigidifient tout comme la d\u00e9finition de leurs ressortissant\u00b7es, le contr\u00f4le des entr\u00e9es et des sorties devient drastique et sert \u00e0 trier celles et ceux qui acc\u00e8deront aux droits politiques, \u00e9conomiques et sociaux. Dans ce contexte, les personnes sans nationalit\u00e9 deviennent une \u00e9pine dans le pied des gouvernements. Sans pays d\u2019origine reconnu, comment justifier de ne pas les prendre en charge ? Vers quelle destination organiser leur renvoi ?<\/p>\n<\/blockquote>\n","protected":false},"excerpt":{"rendered":"<p>Author(s): Observatoire romand du droit d\u2019asile et des \u00e9trangers\u2022\u00e8res (ODAE)&#8230;<\/p>\n","protected":false},"author":3,"featured_media":0,"comment_status":"open","ping_status":"open","sticky":false,"template":"","format":"standard","meta":{"_kadence_starter_templates_imported_post":false,"_kad_post_transparent":"","_kad_post_title":"","_kad_post_layout":"","_kad_post_sidebar_id":"","_kad_post_content_style":"","_kad_post_vertical_padding":"","_kad_post_feature":"","_kad_post_feature_position":"","_kad_post_header":false,"_kad_post_footer":false,"_kad_post_classname":"","jetpack_post_was_ever_published":false,"_jetpack_newsletter_access":"","_jetpack_dont_email_post_to_subs":false,"_jetpack_newsletter_tier_id":0,"_jetpack_memberships_contains_paywalled_content":false,"_jetpack_memberships_contains_paid_content":false,"footnotes":""},"categories":[12],"tags":[291,70,307,52,87,387,303,205,90,103,626,105,143],"class_list":["post-38620","post","type-post","status-publish","format-standard","hentry","category-politics","tag-291","tag-citizenship","tag-civil-and-political-rights","tag-french-language","tag-history","tag-integration-policy","tag-legal-aspects","tag-national-identity","tag-reception-policy","tag-refugees","tag-review","tag-stateless-persons","tag-statistical-data"],"jetpack_featured_media_url":"","jetpack_sharing_enabled":true,"_links":{"self":[{"href":"https:\/\/swissmig.unine.ch\/index.php?rest_route=\/wp\/v2\/posts\/38620","targetHints":{"allow":["GET"]}}],"collection":[{"href":"https:\/\/swissmig.unine.ch\/index.php?rest_route=\/wp\/v2\/posts"}],"about":[{"href":"https:\/\/swissmig.unine.ch\/index.php?rest_route=\/wp\/v2\/types\/post"}],"author":[{"embeddable":true,"href":"https:\/\/swissmig.unine.ch\/index.php?rest_route=\/wp\/v2\/users\/3"}],"replies":[{"embeddable":true,"href":"https:\/\/swissmig.unine.ch\/index.php?rest_route=%2Fwp%2Fv2%2Fcomments&post=38620"}],"version-history":[{"count":1,"href":"https:\/\/swissmig.unine.ch\/index.php?rest_route=\/wp\/v2\/posts\/38620\/revisions"}],"predecessor-version":[{"id":38621,"href":"https:\/\/swissmig.unine.ch\/index.php?rest_route=\/wp\/v2\/posts\/38620\/revisions\/38621"}],"wp:attachment":[{"href":"https:\/\/swissmig.unine.ch\/index.php?rest_route=%2Fwp%2Fv2%2Fmedia&parent=38620"}],"wp:term":[{"taxonomy":"category","embeddable":true,"href":"https:\/\/swissmig.unine.ch\/index.php?rest_route=%2Fwp%2Fv2%2Fcategories&post=38620"},{"taxonomy":"post_tag","embeddable":true,"href":"https:\/\/swissmig.unine.ch\/index.php?rest_route=%2Fwp%2Fv2%2Ftags&post=38620"}],"curies":[{"name":"wp","href":"https:\/\/api.w.org\/{rel}","templated":true}]}}