{"id":38618,"date":"2026-03-09T08:00:00","date_gmt":"2026-03-09T07:00:00","guid":{"rendered":"https:\/\/swissmig.unine.ch\/?p=38618"},"modified":"2026-02-24T10:43:18","modified_gmt":"2026-02-24T09:43:18","slug":"quel-est-le-processus-dintegration-sociale-et-academique-des-migrant-es-primo-arrivant-es-ainsi-que-leur-insertion-socioprofessionnelle-dans-le-cadre-de-horizon-academique","status":"publish","type":"post","link":"https:\/\/swissmig.unine.ch\/?p=38618","title":{"rendered":"Quel est le processus d&#8217;int\u00e9gration sociale et acad\u00e9mique des migrant-es primo-arrivant-es ainsi que leur insertion socioprofessionnelle dans le cadre de Horizon acad\u00e9mique ?"},"content":{"rendered":"\n<div class=\"wp-block-group\"><div class=\"wp-block-group__inner-container is-layout-constrained wp-block-group-is-layout-constrained\">\n<div class=\"wp-block-group is-vertical is-layout-flex wp-container-core-group-is-layout-8cf370e7 wp-block-group-is-layout-flex\">\n<h3 class=\"wp-block-heading\">Author(s): Abraham Abel, Tanriverdi Belkis, Barampama Caroll-Emeryck, N&#8217;Koumou Sarah<\/h3>\n\n\n\n<h3 class=\"wp-block-heading\">Source: <a href=\"https:\/\/folia.unifr.ch\/global\/documents\/332863\" target=\"_blank\" rel=\"noreferrer noopener\">https:\/\/folia.unifr.ch\/global\/documents\/332863<\/a><\/h3>\n<\/div>\n<\/div><\/div>\n\n\n\n<!--more-->\n\n\n\n<p><strong>Abstract<\/strong><\/p>\n\n\n\n<blockquote class=\"wp-block-quote is-layout-flow wp-block-quote-is-layout-flow\">\n<p>Notre \u00e9tude s\u2019articule autour de la th\u00e9matique de la migration. Nous avons choisi d\u2019explorer cette probl\u00e9matique \u00e0 travers le prisme de l\u2019int\u00e9gration sociale et acad\u00e9mique des migrant.es primo-arrivant.es. Pour ce faire nous nous sommes pench\u00e9s sur leur insertion professionnelle et sociale via le programme Horizon acad\u00e9mique. L\u2019insertion socioprofessionnelle des personnes migrantes est un sujet au c\u0153ur des pr\u00e9occupations actuelles, particuli\u00e8rement dans un contexte marqu\u00e9 par les conflits sociopolitiques de la derni\u00e8re d\u00e9cennie. Ces dynamiques repr\u00e9sentent un d\u00e9fi croissant pour notre canton, qui abrite une population \u00e9trang\u00e8re significative. Ainsi, nous avons orient\u00e9 notre recherche sur le programme Horizon acad\u00e9mique, lanc\u00e9 en 2016, qui offre aux migrant.es une opportunit\u00e9 d\u2019int\u00e9gration acad\u00e9mique en vue d\u2019une insertion professionnelle et sociale \u00e0 Gen\u00e8ve. Ce dispositif a permis \u00e0 de nombreuses personnes migrantes d\u2019acc\u00e9der \u00e0 des formations dans des Hautes \u00c9coles Sp\u00e9cialis\u00e9es (HES-SO), des universit\u00e9s en Suisse ou encore \u00e0 l\u2019Institut de Hautes \u00c9tudes Internationales et du D\u00e9veloppement (IHEID). Cependant, il reste encore largement m\u00e9connu du grand public. Notre enqu\u00eate, \u00e0 travers des entretiens semi-directifs, nous a permis d\u2019analyser le r\u00f4le du programme dans ce processus, tout en mettant en \u00e9vidence l\u2019impact de la d\u00e9qualification professionnelle sur les migrant.es.<\/p>\n<\/blockquote>\n","protected":false},"excerpt":{"rendered":"<p>Author(s): Abraham Abel, Tanriverdi Belkis, Barampama Caroll-Emeryck, N&#8217;Koumou Sarah Source:&#8230;<\/p>\n","protected":false},"author":3,"featured_media":0,"comment_status":"open","ping_status":"open","sticky":false,"template":"","format":"standard","meta":{"_kadence_starter_templates_imported_post":false,"_kad_post_transparent":"","_kad_post_title":"","_kad_post_layout":"","_kad_post_sidebar_id":"","_kad_post_content_style":"","_kad_post_vertical_padding":"","_kad_post_feature":"","_kad_post_feature_position":"","_kad_post_header":false,"_kad_post_footer":false,"_kad_post_classname":"","jetpack_post_was_ever_published":false,"_jetpack_newsletter_access":"","_jetpack_dont_email_post_to_subs":false,"_jetpack_newsletter_tier_id":0,"_jetpack_memberships_contains_paywalled_content":false,"_jetpack_memberships_contains_paid_content":false,"footnotes":""},"categories":[61],"tags":[306,407,362,292,263,52,55,80,160,103,91,290],"class_list":["post-38618","post","type-post","status-publish","format-standard","hentry","category-education","tag-306","tag-access-to-education","tag-access-to-employment","tag-bachelor-thesis","tag-deskilling","tag-french-language","tag-high-skilled-immigrants","tag-higher-education","tag-integration-programmes","tag-refugees","tag-social-integration","tag-students"],"jetpack_featured_media_url":"","jetpack_sharing_enabled":true,"_links":{"self":[{"href":"https:\/\/swissmig.unine.ch\/index.php?rest_route=\/wp\/v2\/posts\/38618","targetHints":{"allow":["GET"]}}],"collection":[{"href":"https:\/\/swissmig.unine.ch\/index.php?rest_route=\/wp\/v2\/posts"}],"about":[{"href":"https:\/\/swissmig.unine.ch\/index.php?rest_route=\/wp\/v2\/types\/post"}],"author":[{"embeddable":true,"href":"https:\/\/swissmig.unine.ch\/index.php?rest_route=\/wp\/v2\/users\/3"}],"replies":[{"embeddable":true,"href":"https:\/\/swissmig.unine.ch\/index.php?rest_route=%2Fwp%2Fv2%2Fcomments&post=38618"}],"version-history":[{"count":1,"href":"https:\/\/swissmig.unine.ch\/index.php?rest_route=\/wp\/v2\/posts\/38618\/revisions"}],"predecessor-version":[{"id":38619,"href":"https:\/\/swissmig.unine.ch\/index.php?rest_route=\/wp\/v2\/posts\/38618\/revisions\/38619"}],"wp:attachment":[{"href":"https:\/\/swissmig.unine.ch\/index.php?rest_route=%2Fwp%2Fv2%2Fmedia&parent=38618"}],"wp:term":[{"taxonomy":"category","embeddable":true,"href":"https:\/\/swissmig.unine.ch\/index.php?rest_route=%2Fwp%2Fv2%2Fcategories&post=38618"},{"taxonomy":"post_tag","embeddable":true,"href":"https:\/\/swissmig.unine.ch\/index.php?rest_route=%2Fwp%2Fv2%2Ftags&post=38618"}],"curies":[{"name":"wp","href":"https:\/\/api.w.org\/{rel}","templated":true}]}}