{"id":38610,"date":"2026-03-02T08:00:00","date_gmt":"2026-03-02T07:00:00","guid":{"rendered":"https:\/\/swissmig.unine.ch\/?p=38610"},"modified":"2026-02-24T10:04:08","modified_gmt":"2026-02-24T09:04:08","slug":"le-manege-des-betes-circulation-de-la-metaphore-animale-dans-la-communication-visuelle-de-lextreme-droite-a-loree-des-annees-2000","status":"publish","type":"post","link":"https:\/\/swissmig.unine.ch\/?p=38610","title":{"rendered":"Le man\u00e8ge des b\u00eates : circulation de la m\u00e9taphore animale dans la communication visuelle de l\u2019extr\u00eame droite \u00e0 l\u2019or\u00e9e des ann\u00e9es 2000"},"content":{"rendered":"\n<div class=\"wp-block-group\"><div class=\"wp-block-group__inner-container is-layout-constrained wp-block-group-is-layout-constrained\">\n<div class=\"wp-block-group is-vertical is-layout-flex wp-container-core-group-is-layout-8cf370e7 wp-block-group-is-layout-flex\">\n<h3 class=\"wp-block-heading\">Author(s): Marie-Alexandra Schneider<\/h3>\n\n\n\n<h3 class=\"wp-block-heading\">Source: <a href=\"https:\/\/doi.org\/10.4000\/14y0k\" target=\"_blank\" rel=\"noreferrer noopener\">https:\/\/doi.org\/10.4000\/14y0k<\/a><\/h3>\n<\/div>\n<\/div><\/div>\n\n\n\n<!--more-->\n\n\n\n<p><strong>Abstract<\/strong><\/p>\n\n\n\n<blockquote class=\"wp-block-quote is-layout-flow wp-block-quote-is-layout-flow\">\n<p>Le langage iconographique est souvent un angle mort des travaux de recherches qui s\u2019att\u00e8lent \u00e0 comprendre la mont\u00e9e en puissance de l\u2019extr\u00eame droite au XXI<sup>e<\/sup> si\u00e8cle. Or, on observe qu\u2019il existe, par-del\u00e0 les sp\u00e9cificit\u00e9s nationales et les diff\u00e9rences id\u00e9ologiques, une grammaire commune des messages visuels des formations nationales-populistes. Cette parent\u00e9 graphique traduit un ph\u00e9nom\u00e8ne de contagion et contribue \u00e0 cr\u00e9er un <em>climat de force<\/em> et une impression d&#8217;unanimit\u00e9. L\u2019analyse compar\u00e9e des affiches de l\u2019extr\u00eame droite francophone et germanophone fait notamment apparaitre une r\u00e9currence du r\u00e9f\u00e9rent animal que cette contribution se propose d\u2019analyser.<\/p>\n\n\n\n<p><strong>Mots-cl\u00e9s<\/strong> : national-populisme, communication politique, iconographie, affiches \u00e9lectorales, animaux<\/p>\n\n\n\n<p>Iconographic language is often a blind spot in research into the rise of the far right in the 21st century. However, we have observed that, beyond national specificities and ideological differences, there is a common language in the visual messages of national-populist groups. This graphic kinship strengthens their message as it spreads across borders, legitimizing their positions. A comparative analysis of posters of French- and German-speaking far-right movements reveals a recurrence of animal imagery, which this contribution sets out to analyze.<\/p>\n\n\n\n<p><strong>Keywords<\/strong>: national-populism, political communication, iconography, election posters, animals<\/p>\n<\/blockquote>\n","protected":false},"excerpt":{"rendered":"<p>Author(s): Marie-Alexandra Schneider Source: https:\/\/doi.org\/10.4000\/14y0k<\/p>\n","protected":false},"author":3,"featured_media":0,"comment_status":"open","ping_status":"open","sticky":false,"template":"","format":"standard","meta":{"_kadence_starter_templates_imported_post":false,"_kad_post_transparent":"","_kad_post_title":"","_kad_post_layout":"","_kad_post_sidebar_id":"","_kad_post_content_style":"","_kad_post_vertical_padding":"","_kad_post_feature":"","_kad_post_feature_position":"","_kad_post_header":false,"_kad_post_footer":false,"_kad_post_classname":"","jetpack_post_was_ever_published":false,"_jetpack_newsletter_access":"","_jetpack_dont_email_post_to_subs":false,"_jetpack_newsletter_tier_id":0,"_jetpack_memberships_contains_paywalled_content":false,"_jetpack_memberships_contains_paid_content":false,"footnotes":""},"categories":[12],"tags":[306,7,37,516,57,52,861,11,95,254,96,97],"class_list":["post-38610","post","type-post","status-publish","format-standard","hentry","category-politics","tag-306","tag-article","tag-attitudes-towards-migrants","tag-communication","tag-comparative-analysis","tag-french-language","tag-iconography","tag-political-parties","tag-populism","tag-right-wing-radicalism","tag-voting-behaviour","tag-xenophobia"],"jetpack_featured_media_url":"","jetpack_sharing_enabled":true,"_links":{"self":[{"href":"https:\/\/swissmig.unine.ch\/index.php?rest_route=\/wp\/v2\/posts\/38610","targetHints":{"allow":["GET"]}}],"collection":[{"href":"https:\/\/swissmig.unine.ch\/index.php?rest_route=\/wp\/v2\/posts"}],"about":[{"href":"https:\/\/swissmig.unine.ch\/index.php?rest_route=\/wp\/v2\/types\/post"}],"author":[{"embeddable":true,"href":"https:\/\/swissmig.unine.ch\/index.php?rest_route=\/wp\/v2\/users\/3"}],"replies":[{"embeddable":true,"href":"https:\/\/swissmig.unine.ch\/index.php?rest_route=%2Fwp%2Fv2%2Fcomments&post=38610"}],"version-history":[{"count":1,"href":"https:\/\/swissmig.unine.ch\/index.php?rest_route=\/wp\/v2\/posts\/38610\/revisions"}],"predecessor-version":[{"id":38611,"href":"https:\/\/swissmig.unine.ch\/index.php?rest_route=\/wp\/v2\/posts\/38610\/revisions\/38611"}],"wp:attachment":[{"href":"https:\/\/swissmig.unine.ch\/index.php?rest_route=%2Fwp%2Fv2%2Fmedia&parent=38610"}],"wp:term":[{"taxonomy":"category","embeddable":true,"href":"https:\/\/swissmig.unine.ch\/index.php?rest_route=%2Fwp%2Fv2%2Fcategories&post=38610"},{"taxonomy":"post_tag","embeddable":true,"href":"https:\/\/swissmig.unine.ch\/index.php?rest_route=%2Fwp%2Fv2%2Ftags&post=38610"}],"curies":[{"name":"wp","href":"https:\/\/api.w.org\/{rel}","templated":true}]}}