{"id":38598,"date":"2026-02-23T08:00:00","date_gmt":"2026-02-23T07:00:00","guid":{"rendered":"https:\/\/swissmig.unine.ch\/?p=38598"},"modified":"2026-02-19T16:28:31","modified_gmt":"2026-02-19T15:28:31","slug":"quels-etaient-les-enjeux-dans-le-processus-dintegration-des-migrant%c2%b7e%c2%b7s-albanais%c2%b7es-arrive%c2%b7e%c2%b7s-dans-le-canton-de-vaud-a-la-suite-de-la-guerre-du-kosovo-de-1998-a-1999","status":"publish","type":"post","link":"https:\/\/swissmig.unine.ch\/?p=38598","title":{"rendered":"Quels \u00e9taient les enjeux dans le processus d\u2019int\u00e9gration des migrant\u00b7e\u00b7s albanais\u00b7es arriv\u00e9\u00b7e\u00b7s dans le canton de Vaud \u00e0 la suite de la guerre du Kosovo de 1998 \u00e0 1999?"},"content":{"rendered":"\n<div class=\"wp-block-group\"><div class=\"wp-block-group__inner-container is-layout-constrained wp-block-group-is-layout-constrained\">\n<div class=\"wp-block-group is-vertical is-layout-flex wp-container-core-group-is-layout-8cf370e7 wp-block-group-is-layout-flex\">\n<h3 class=\"wp-block-heading\">Author(s): Yllka Pllana<\/h3>\n\n\n\n<h3 class=\"wp-block-heading\">Source: <a href=\"https:\/\/sonar.ch\/global\/documents\/332756\" target=\"_blank\" rel=\"noreferrer noopener\">https:\/\/sonar.ch\/global\/documents\/332756<\/a><\/h3>\n<\/div>\n<\/div><\/div>\n\n\n\n<!--more-->\n\n\n\n<p><strong>Abstract<\/strong><\/p>\n\n\n\n<blockquote class=\"wp-block-quote is-layout-flow wp-block-quote-is-layout-flow\">\n<p>Cette \u00e9tude explore l&#8217;int\u00e9gration des Albanais\u00b7es du Kosovo r\u00e9fugi\u00e9\u00b7e\u00b7s en Suisse apr\u00e8s la guerre de 1998-1999, \u00e0 travers des entretiens men\u00e9s avec des travailleur\u00b7euse\u00b7s sociaux\u00b7ales et des migrant\u00b7e\u00b7s du canton de Vaud. Les r\u00e9sultats r\u00e9v\u00e8lent que, malgr\u00e9 le soutien des services sociaux et des r\u00e9seaux communautaires, ces migrant\u00b7e\u00b7s ont rencontr\u00e9 des obstacles \u00e0 une int\u00e9gration formelle, notamment en raison d\u2019un acc\u00e8s limit\u00e9 aux cours de langue et d\u2019un soutien institutionnel insuffisant. Les femmes, souvent exclues du march\u00e9 du travail, subissent une double pression \u00e9conomique et familiale. L\u2019\u00e9tude distingue assimilation et int\u00e9gration, soulignant le r\u00f4le ambivalent des r\u00e9seaux communautaires : bien qu\u2019ils aient frein\u00e9 certains aspects de l\u2019int\u00e9gration officielle, ils ont constitu\u00e9 une ressource pr\u00e9cieuse pour les migrant\u00b7e\u00b7s.<\/p>\n\n\n\n<p>This study explores the integration of Albanians from Kosovo who took refuge in Switzerland after the 1998-1999 war, through interviews conducted with social workers and migrants from the canton of Vaud. The results reveal that, despite the support of social services and community networks, these migrants encountered obstacles to formal integration, notably due to limited access to language courses and insufficient institutional support. Women, often excluded from the labor market, suffer from double economic and family pressure. The study distinguishes between assimilation and integration, highlighting the ambivalent role of community networks: although they hindered certain aspects of formal integration, they constituted a valuable resource for migrants.<\/p>\n<\/blockquote>\n","protected":false},"excerpt":{"rendered":"<p>Author(s): Yllka Pllana Source: https:\/\/sonar.ch\/global\/documents\/332756<\/p>\n","protected":false},"author":3,"featured_media":0,"comment_status":"open","ping_status":"open","sticky":false,"template":"","format":"standard","meta":{"_kadence_starter_templates_imported_post":false,"_kad_post_transparent":"","_kad_post_title":"","_kad_post_layout":"","_kad_post_sidebar_id":"","_kad_post_content_style":"","_kad_post_vertical_padding":"","_kad_post_feature":"","_kad_post_feature_position":"","_kad_post_header":false,"_kad_post_footer":false,"_kad_post_classname":"","jetpack_post_was_ever_published":false,"_jetpack_newsletter_access":"","_jetpack_dont_email_post_to_subs":false,"_jetpack_newsletter_tier_id":0,"_jetpack_memberships_contains_paywalled_content":false,"_jetpack_memberships_contains_paid_content":false,"footnotes":""},"categories":[12],"tags":[306,362,336,595,483,52,148,87,387,193,236,319,677],"class_list":["post-38598","post","type-post","status-publish","format-standard","hentry","category-politics","tag-306","tag-access-to-employment","tag-albanians","tag-assimilation","tag-communities","tag-french-language","tag-gender","tag-history","tag-integration-policy","tag-kosovo","tag-language-barriers","tag-master-thesis","tag-war"],"jetpack_featured_media_url":"","jetpack_sharing_enabled":true,"_links":{"self":[{"href":"https:\/\/swissmig.unine.ch\/index.php?rest_route=\/wp\/v2\/posts\/38598","targetHints":{"allow":["GET"]}}],"collection":[{"href":"https:\/\/swissmig.unine.ch\/index.php?rest_route=\/wp\/v2\/posts"}],"about":[{"href":"https:\/\/swissmig.unine.ch\/index.php?rest_route=\/wp\/v2\/types\/post"}],"author":[{"embeddable":true,"href":"https:\/\/swissmig.unine.ch\/index.php?rest_route=\/wp\/v2\/users\/3"}],"replies":[{"embeddable":true,"href":"https:\/\/swissmig.unine.ch\/index.php?rest_route=%2Fwp%2Fv2%2Fcomments&post=38598"}],"version-history":[{"count":1,"href":"https:\/\/swissmig.unine.ch\/index.php?rest_route=\/wp\/v2\/posts\/38598\/revisions"}],"predecessor-version":[{"id":38599,"href":"https:\/\/swissmig.unine.ch\/index.php?rest_route=\/wp\/v2\/posts\/38598\/revisions\/38599"}],"wp:attachment":[{"href":"https:\/\/swissmig.unine.ch\/index.php?rest_route=%2Fwp%2Fv2%2Fmedia&parent=38598"}],"wp:term":[{"taxonomy":"category","embeddable":true,"href":"https:\/\/swissmig.unine.ch\/index.php?rest_route=%2Fwp%2Fv2%2Fcategories&post=38598"},{"taxonomy":"post_tag","embeddable":true,"href":"https:\/\/swissmig.unine.ch\/index.php?rest_route=%2Fwp%2Fv2%2Ftags&post=38598"}],"curies":[{"name":"wp","href":"https:\/\/api.w.org\/{rel}","templated":true}]}}