{"id":38596,"date":"2026-02-23T08:00:00","date_gmt":"2026-02-23T07:00:00","guid":{"rendered":"https:\/\/swissmig.unine.ch\/?p=38596"},"modified":"2026-02-19T16:23:21","modified_gmt":"2026-02-19T15:23:21","slug":"ad-impossibilia-nemo-tenetur-unvereinbarkeit-des-neuen-art-85b-aig-mit-der-genfer-fluchtlingskonvention","status":"publish","type":"post","link":"https:\/\/swissmig.unine.ch\/?p=38596","title":{"rendered":"ad impossibilia nemo tenetur: Unvereinbarkeit des neuen Art. 85b AIG mit der Genfer Fl\u00fcchtlingskonvention"},"content":{"rendered":"\n<div class=\"wp-block-group\"><div class=\"wp-block-group__inner-container is-layout-constrained wp-block-group-is-layout-constrained\">\n<div class=\"wp-block-group is-vertical is-layout-flex wp-container-core-group-is-layout-8cf370e7 wp-block-group-is-layout-flex\">\n<h3 class=\"wp-block-heading\">Author(s): Rorick Tovar Galv\u00e1n<\/h3>\n\n\n\n<h3 class=\"wp-block-heading\">Source: <a href=\"https:\/\/asyl.recht.ch\/de\/artikel\/02asyl0325abh\/ad-impossibilia-nemo-tenetur-unvereinbarkeit-des-neuen-art-85b-aig-mit-der\" target=\"_blank\" rel=\"noreferrer noopener\">https:\/\/asyl.recht.ch\/de\/artikel\/02asyl0325abh\/ad-impossibilia-nemo-tenetur-unvereinbarkeit-des-neuen-art-85b-aig-mit-der<\/a><\/h3>\n<\/div>\n<\/div><\/div>\n\n\n\n<!--more-->\n\n\n\n<p><strong>Abstract<\/strong><\/p>\n\n\n\n<blockquote class=\"wp-block-quote is-layout-flow wp-block-quote-is-layout-flow\">\n<p>Der neue Artikel 85b Absatz 5 AIG legt fest, dass der Kantonswechsel von vorl\u00e4ufig aufgenommenen Fl\u00fcchtlingen nach Art. 37 Abs. 2 i.V.m. Art. 62 AIG erfolgt, d.h. nach den Regeln f\u00fcr den Kantonswechsel von Personen mit Aufenthaltsbewilligung. Die Konventionskonformit\u00e4t von Art. 85b Abs. 5 AIG mit der GFK erscheint allerdings unhaltbar, wenn man den historischen Kontext zum Zeitpunkt der Ausarbeitung der GFK sowie deren Text, in dem genaue Parameter f\u00fcr die Auslegung des Rechts auf Freiz\u00fcgigkeit von Fl\u00fcchtlingen festgelegt sind, ber\u00fccksichtigt. Zudem kann die Unzul\u00e4ssigkeit dieser gesetzlichen Bestimmung auf einem grundlegenden Rechtsprinzip begr\u00fcndet werden: Niemand kann dazu gezwungen werden, etwas Unm\u00f6gliches zu tun.<br><\/p>\n\n\n\n<p>Le nouvel art. 85b al. 5 LEI stipule que le changement de canton des r\u00e9fugi\u00e9s admis \u00e0 titre provisoire est r\u00e9gi par l\u2019art. 37, al. 2, en relation avec l\u2019art. 62 LEI, c\u2019est-\u00e0-dire selon les r\u00e8gles applicables au changement de canton des personnes titulaires d\u2019une autorisation de s\u00e9jour. La conformit\u00e9 de l\u2019art. 85b al. 5 LEI \u00e0 la Convention relative au statut des r\u00e9fugi\u00e9s semble toutefois insoutenable si l\u2019on tient compte du contexte historique au moment de l\u2019\u00e9laboration de ladite Convention ainsi que de son libell\u00e9, qui fixe des param\u00e8tres pr\u00e9cis pour l\u2019interpr\u00e9tation du droit \u00e0 la libre circulation des r\u00e9fugi\u00e9s. En outre, l\u2019inadmissibilit\u00e9 de cette disposition l\u00e9gale peut \u00eatre fond\u00e9e sur un principe juridique fondamental : Nul ne peut \u00eatre contraint de faire l\u2019impossible.<\/p>\n<\/blockquote>\n","protected":false},"excerpt":{"rendered":"<p>Author(s): Rorick Tovar Galv\u00e1n Source: https:\/\/asyl.recht.ch\/de\/artikel\/02asyl0325abh\/ad-impossibilia-nemo-tenetur-unvereinbarkeit-des-neuen-art-85b-aig-mit-der<\/p>\n","protected":false},"author":3,"featured_media":0,"comment_status":"open","ping_status":"open","sticky":false,"template":"","format":"standard","meta":{"_kadence_starter_templates_imported_post":false,"_kad_post_transparent":"","_kad_post_title":"","_kad_post_layout":"","_kad_post_sidebar_id":"","_kad_post_content_style":"","_kad_post_vertical_padding":"","_kad_post_feature":"","_kad_post_feature_position":"","_kad_post_header":false,"_kad_post_footer":false,"_kad_post_classname":"","jetpack_post_was_ever_published":false,"_jetpack_newsletter_access":"","_jetpack_dont_email_post_to_subs":false,"_jetpack_newsletter_tier_id":0,"_jetpack_memberships_contains_paywalled_content":false,"_jetpack_memberships_contains_paid_content":false,"footnotes":""},"categories":[53],"tags":[306,7,111,49,273,609,73,129,303,110,510],"class_list":["post-38596","post","type-post","status-publish","format-standard","hentry","category-law","tag-306","tag-article","tag-asylum-applications","tag-asylum-policy","tag-cantons","tag-geneva-convention","tag-german-language","tag-law","tag-legal-aspects","tag-mobility","tag-short-term-residence-permit"],"jetpack_featured_media_url":"","jetpack_sharing_enabled":true,"_links":{"self":[{"href":"https:\/\/swissmig.unine.ch\/index.php?rest_route=\/wp\/v2\/posts\/38596","targetHints":{"allow":["GET"]}}],"collection":[{"href":"https:\/\/swissmig.unine.ch\/index.php?rest_route=\/wp\/v2\/posts"}],"about":[{"href":"https:\/\/swissmig.unine.ch\/index.php?rest_route=\/wp\/v2\/types\/post"}],"author":[{"embeddable":true,"href":"https:\/\/swissmig.unine.ch\/index.php?rest_route=\/wp\/v2\/users\/3"}],"replies":[{"embeddable":true,"href":"https:\/\/swissmig.unine.ch\/index.php?rest_route=%2Fwp%2Fv2%2Fcomments&post=38596"}],"version-history":[{"count":1,"href":"https:\/\/swissmig.unine.ch\/index.php?rest_route=\/wp\/v2\/posts\/38596\/revisions"}],"predecessor-version":[{"id":38597,"href":"https:\/\/swissmig.unine.ch\/index.php?rest_route=\/wp\/v2\/posts\/38596\/revisions\/38597"}],"wp:attachment":[{"href":"https:\/\/swissmig.unine.ch\/index.php?rest_route=%2Fwp%2Fv2%2Fmedia&parent=38596"}],"wp:term":[{"taxonomy":"category","embeddable":true,"href":"https:\/\/swissmig.unine.ch\/index.php?rest_route=%2Fwp%2Fv2%2Fcategories&post=38596"},{"taxonomy":"post_tag","embeddable":true,"href":"https:\/\/swissmig.unine.ch\/index.php?rest_route=%2Fwp%2Fv2%2Ftags&post=38596"}],"curies":[{"name":"wp","href":"https:\/\/api.w.org\/{rel}","templated":true}]}}