{"id":38567,"date":"2026-01-20T17:27:00","date_gmt":"2026-01-20T16:27:00","guid":{"rendered":"https:\/\/swissmig.unine.ch\/?p=38567"},"modified":"2026-01-20T15:32:22","modified_gmt":"2026-01-20T14:32:22","slug":"les-mineurs-non-accompagnes-en-suisse-expose-du-cadre-legal-et-analyse-de-la-situation-sur-le-terrain","status":"publish","type":"post","link":"https:\/\/swissmig.unine.ch\/?p=38567","title":{"rendered":"Les mineurs non accompagn\u00e9s en Suisse : expos\u00e9 du cadre l\u00e9gal et analyse de la situation sur le terrain"},"content":{"rendered":"\n<div class=\"wp-block-group\"><div class=\"wp-block-group__inner-container is-layout-constrained wp-block-group-is-layout-constrained\">\n<div class=\"wp-block-group is-vertical is-layout-flex wp-container-core-group-is-layout-8cf370e7 wp-block-group-is-layout-flex\">\n<h3 class=\"wp-block-heading\">Author(s): Martine Lachat Clerc, Laurence Huser <\/h3>\n\n\n\n<h3 class=\"wp-block-heading\">Source: <a href=\"https:\/\/www.humanrights.ch\/cms\/upload\/pdf\/071029_tdh_rapport_mna_2007_fr.pdf\" target=\"_blank\" rel=\"noreferrer noopener\">https:\/\/www.humanrights.ch\/cms\/upload\/pdf\/071029_tdh_rapport_mna_2007_fr.pdf<\/a><\/h3>\n<\/div>\n<\/div><\/div>\n\n\n\n<!--more-->\n\n\n\n<p><strong>Abstract<\/strong><\/p>\n\n\n\n<blockquote class=\"wp-block-quote is-layout-flow wp-block-quote-is-layout-flow\">\n<p>La migration, surtout la migration irr\u00e9guli\u00e8re, est devenue une probl\u00e9matique tr\u00e8s importante et<br>inqui\u00e9tante pour la communaut\u00e9 internationale, pour la Suisse \u00e9galement. L\u2019int\u00e9r\u00eat des m\u00e9dias pour<br>cette question est r\u00e9v\u00e9lateur de ce souci nouveau et intensifie les peurs ; la r\u00e9cup\u00e9ration par divers<br>partis politiques ne s\u2019est pas fait attendre et un durcissement tr\u00e8s net des politiques migratoires est<br>en cours, en Europe occidentale et en Am\u00e9rique du Nord en tous les cas, m\u00eame dans le tr\u00e8s tol\u00e9rant<br>Canada. Il faut dire que les images de l\u2019entr\u00e9e dans le territoire espagnol de Mellila, o\u00f9 les bateaux<br>d\u00e9versant le plein de \u00ab young boat people \u00bb pr\u00e8s de Lampedusa, et tout r\u00e9cemment les dizaines de<br>migrants de tous \u00e2ges \u00e9chou\u00e9s sur des installations fixes d\u2019\u00e9levage de thon, en pleine mer, frappent<br>les esprits.<\/p>\n<\/blockquote>\n","protected":false},"excerpt":{"rendered":"<p>Author(s): Martine Lachat Clerc, Laurence Huser Source: https:\/\/www.humanrights.ch\/cms\/upload\/pdf\/071029_tdh_rapport_mna_2007_fr.pdf<\/p>\n","protected":false},"author":3,"featured_media":0,"comment_status":"open","ping_status":"open","sticky":false,"template":"","format":"standard","meta":{"_kadence_starter_templates_imported_post":false,"_kad_post_transparent":"","_kad_post_title":"","_kad_post_layout":"","_kad_post_sidebar_id":"","_kad_post_content_style":"","_kad_post_vertical_padding":"","_kad_post_feature":"","_kad_post_feature_position":"","_kad_post_header":false,"_kad_post_footer":false,"_kad_post_classname":"","jetpack_post_was_ever_published":false,"_jetpack_newsletter_access":"","_jetpack_dont_email_post_to_subs":true,"_jetpack_newsletter_tier_id":0,"_jetpack_memberships_contains_paywalled_content":false,"_jetpack_memberships_contains_paid_content":false,"footnotes":""},"categories":[24],"tags":[169,318,52,128,303,104,217,356,249,64],"class_list":["post-38567","post","type-post","status-publish","format-standard","hentry","category-society-family-racism","tag-169","tag-children","tag-french-language","tag-human-rights","tag-legal-aspects","tag-living-conditions","tag-migration-agreements","tag-migratory-status","tag-report","tag-unaccompanied-minors"],"jetpack_featured_media_url":"","jetpack_sharing_enabled":true,"_links":{"self":[{"href":"https:\/\/swissmig.unine.ch\/index.php?rest_route=\/wp\/v2\/posts\/38567","targetHints":{"allow":["GET"]}}],"collection":[{"href":"https:\/\/swissmig.unine.ch\/index.php?rest_route=\/wp\/v2\/posts"}],"about":[{"href":"https:\/\/swissmig.unine.ch\/index.php?rest_route=\/wp\/v2\/types\/post"}],"author":[{"embeddable":true,"href":"https:\/\/swissmig.unine.ch\/index.php?rest_route=\/wp\/v2\/users\/3"}],"replies":[{"embeddable":true,"href":"https:\/\/swissmig.unine.ch\/index.php?rest_route=%2Fwp%2Fv2%2Fcomments&post=38567"}],"version-history":[{"count":1,"href":"https:\/\/swissmig.unine.ch\/index.php?rest_route=\/wp\/v2\/posts\/38567\/revisions"}],"predecessor-version":[{"id":38568,"href":"https:\/\/swissmig.unine.ch\/index.php?rest_route=\/wp\/v2\/posts\/38567\/revisions\/38568"}],"wp:attachment":[{"href":"https:\/\/swissmig.unine.ch\/index.php?rest_route=%2Fwp%2Fv2%2Fmedia&parent=38567"}],"wp:term":[{"taxonomy":"category","embeddable":true,"href":"https:\/\/swissmig.unine.ch\/index.php?rest_route=%2Fwp%2Fv2%2Fcategories&post=38567"},{"taxonomy":"post_tag","embeddable":true,"href":"https:\/\/swissmig.unine.ch\/index.php?rest_route=%2Fwp%2Fv2%2Ftags&post=38567"}],"curies":[{"name":"wp","href":"https:\/\/api.w.org\/{rel}","templated":true}]}}