{"id":3855,"date":"2020-06-15T08:00:44","date_gmt":"2020-06-15T07:00:44","guid":{"rendered":"https:\/\/swissmig.wordpress.com\/?p=3855"},"modified":"2020-06-15T08:00:44","modified_gmt":"2020-06-15T07:00:44","slug":"das-migrationspolitische-feld-der-schweiz-eine-politikwissenschaftliche-analyse-der-vernehmlassung-zum-arbenzbericht","status":"publish","type":"post","link":"https:\/\/swissmig.unine.ch\/?p=3855","title":{"rendered":"Das migrationspolitische Feld der Schweiz: eine politikwissenschaftliche Analyse der Vernehmlassung zum Arbenzbericht"},"content":{"rendered":"<h3>Author(s) : Hans Mahnig<\/h3>\n<h3>Source : <a href=\"https:\/\/libra.unine.ch\/handle\/123456789\/17995\" target=\"_blank\" rel=\"noopener\">https:\/\/libra.unine.ch\/handle\/123456789\/17995<\/a><\/h3>\n<p><strong>Abstract: <\/strong><!--more--><\/p>\n<blockquote><p>&#8220;Der Bericht, vom Bundesamt f\u00fcr Fl\u00fcchtlinge (BFF) in Auftrag gegeben, stellt eine politikwissenschaftliche Analyse der Vernehmlassung zum Bericht Arbenz vom Mai 1995 dar, welche parallel zur Auswertung durch das BFF selbst unternommen wurde. Er hat zum Ziel, die zentralen Konflikt- und Konsensfelder in der gegenw\u00e4rtigen migrationspolitischen Auseinandersetzung der Schweiz herauszuarbeiten. Die wichtigsten Resultate der Analyse sind die folgenden: Die Internationale Fl\u00fcchtlingspolitik und die Asylpolitik sind wenig umstritten. Bei ersterer beruht der relative Konsens aber darauf, dass sie nur schwach formalisiert ist, in Bezug auf die letztere ist es die Umsetzung, welche kontrovers beurteilt wird. Als konfliktreichster Bereich kann die sog. Ausl\u00e4nderpolitik betrachtet werden. Die umstrittendsten Punkte sind dabei das Verh\u00e4ltnis zur EU (Freiz\u00fcgigkeit oder nicht ?), der Saisonnierstatuts (Abschaffung oder Ersetzung durch einen anderen Status ?) sowie das Verh\u00e4ltnis zu den ausserhalb der EU liegenden Staaten (Drei-Kreise- oder nur Zwei-Kreis-Modell ?). In ihrem Konflikt um diese drei Fragen werden die Positionen der verschiedenen migrationspolitischen Akteure vor allem von drei Kr\u00e4ften bestimmt: von \u00f6konomischen Interessen, identit\u00e4ren Forderungen und humanit\u00e4rem und universalistischem Engagement; im Zentrum steht aber die Auseinandersetzung zwischen denjenigen Gruppen, die eine an \u00f6konomischen Notwendigkeiten orientierte Immigrationspolitik fordern und denen, die gegen die &#8220;\u00dcberfremdung&#8221; ank\u00e4mpfen wollen. Um aus dieser Situation, in der sich die verschiedenen Akteure gegenseitig blockieren, herauszufinden, ist die Schaffung einer Expertenkommission (wie sie der Bundesrat beschlossen hat) sicher eine L\u00f6sungsstrategie; ebenso w\u00e4re aber eine grunds\u00e4tzliche &#8211; und auf lange Sicht angelegte &#8211; Debatte \u00fcber den Platz der Schweiz im zuk\u00fcnftigen Europa notwendig.&#8221;<\/p>\n<p><strong>Keywords<\/strong>: asylum policy, immigration law, political system, SFM Studies, international relations<\/p><\/blockquote>\n","protected":false},"excerpt":{"rendered":"<p>Author(s) : Hans Mahnig Source : https:\/\/libra.unine.ch\/handle\/123456789\/17995 Abstract:<\/p>\n","protected":false},"author":4,"featured_media":0,"comment_status":"open","ping_status":"open","sticky":false,"template":"","format":"standard","meta":{"_kadence_starter_templates_imported_post":false,"_kad_post_transparent":"","_kad_post_title":"","_kad_post_layout":"","_kad_post_sidebar_id":"","_kad_post_content_style":"","_kad_post_vertical_padding":"","_kad_post_feature":"","_kad_post_feature_position":"","_kad_post_header":false,"_kad_post_footer":false,"_kad_post_classname":"","jetpack_post_was_ever_published":false,"_jetpack_newsletter_access":"","_jetpack_dont_email_post_to_subs":false,"_jetpack_newsletter_tier_id":0,"_jetpack_memberships_contains_paywalled_content":false,"_jetpack_memberships_contains_paid_content":false,"footnotes":""},"categories":[12],"tags":[577,49,152,27,73,133,563,218,36,94,249,645,279],"class_list":["post-3855","post","type-post","status-publish","format-standard","hentry","category-politics","tag-577","tag-asylum-policy","tag-discourse","tag-european-union","tag-german-language","tag-immigrant-policy","tag-immigration-law","tag-international-relations","tag-migration-policy","tag-political-system","tag-report","tag-sfm-studies","tag-socioeconomic-factors"],"jetpack_featured_media_url":"","jetpack_sharing_enabled":true,"_links":{"self":[{"href":"https:\/\/swissmig.unine.ch\/index.php?rest_route=\/wp\/v2\/posts\/3855","targetHints":{"allow":["GET"]}}],"collection":[{"href":"https:\/\/swissmig.unine.ch\/index.php?rest_route=\/wp\/v2\/posts"}],"about":[{"href":"https:\/\/swissmig.unine.ch\/index.php?rest_route=\/wp\/v2\/types\/post"}],"author":[{"embeddable":true,"href":"https:\/\/swissmig.unine.ch\/index.php?rest_route=\/wp\/v2\/users\/4"}],"replies":[{"embeddable":true,"href":"https:\/\/swissmig.unine.ch\/index.php?rest_route=%2Fwp%2Fv2%2Fcomments&post=3855"}],"version-history":[{"count":0,"href":"https:\/\/swissmig.unine.ch\/index.php?rest_route=\/wp\/v2\/posts\/3855\/revisions"}],"wp:attachment":[{"href":"https:\/\/swissmig.unine.ch\/index.php?rest_route=%2Fwp%2Fv2%2Fmedia&parent=3855"}],"wp:term":[{"taxonomy":"category","embeddable":true,"href":"https:\/\/swissmig.unine.ch\/index.php?rest_route=%2Fwp%2Fv2%2Fcategories&post=3855"},{"taxonomy":"post_tag","embeddable":true,"href":"https:\/\/swissmig.unine.ch\/index.php?rest_route=%2Fwp%2Fv2%2Ftags&post=3855"}],"curies":[{"name":"wp","href":"https:\/\/api.w.org\/{rel}","templated":true}]}}