{"id":38542,"date":"2026-02-09T08:00:00","date_gmt":"2026-02-09T07:00:00","guid":{"rendered":"https:\/\/swissmig.unine.ch\/?p=38542"},"modified":"2026-01-15T10:52:00","modified_gmt":"2026-01-15T09:52:00","slug":"analyse-des-determinants-macroeconomiques-de-lemployabilite-des-titulaires-de-permis-b-refugie-et-f-dans-le-canton-de-geneve-comparaisons-intercantonales","status":"publish","type":"post","link":"https:\/\/swissmig.unine.ch\/?p=38542","title":{"rendered":"Analyse des d\u00e9terminants macro\u00e9conomiques de l\u2019employabilit\u00e9 des titulaires de permis B-r\u00e9fugi\u00e9 et F dans le canton de Gen\u00e8ve: comparaisons intercantonales"},"content":{"rendered":"\n<div class=\"wp-block-group\"><div class=\"wp-block-group__inner-container is-layout-constrained wp-block-group-is-layout-constrained\">\n<div class=\"wp-block-group is-vertical is-layout-flex wp-container-core-group-is-layout-8cf370e7 wp-block-group-is-layout-flex\">\n<h3 class=\"wp-block-heading\">Author(s): Laurent Ott, Giovanni Ferro-Luzzi, Julien Massard<\/h3>\n\n\n\n<h3 class=\"wp-block-heading\">Source: <a href=\"https:\/\/www.ge.ch\/document\/analyse-determinants-macroeconomiques-employabilite-titulaires-permis-b-refugie-f-dans-canton-geneve-mai-2025\" target=\"_blank\" rel=\"noreferrer noopener\">https:\/\/www.ge.ch\/document\/analyse-determinants-macroeconomiques-employabilite-titulaires-permis-b-refugie-f-dans-canton-geneve-mai-2025<\/a><\/h3>\n<\/div>\n<\/div><\/div>\n\n\n\n<!--more-->\n\n\n\n<p><strong>Abstract<\/strong><\/p>\n\n\n\n<blockquote class=\"wp-block-quote is-layout-flow wp-block-quote-is-layout-flow\">\n<p>NA<\/p>\n<\/blockquote>\n","protected":false},"excerpt":{"rendered":"<p>Author(s): Laurent Ott, Giovanni Ferro-Luzzi, Julien Massard Source: https:\/\/www.ge.ch\/document\/analyse-determinants-macroeconomiques-employabilite-titulaires-permis-b-refugie-f-dans-canton-geneve-mai-2025<\/p>\n","protected":false},"author":2,"featured_media":0,"comment_status":"open","ping_status":"open","sticky":false,"template":"","format":"standard","meta":{"_kadence_starter_templates_imported_post":false,"_kad_post_transparent":"","_kad_post_title":"","_kad_post_layout":"","_kad_post_sidebar_id":"","_kad_post_content_style":"","_kad_post_vertical_padding":"","_kad_post_feature":"","_kad_post_feature_position":"","_kad_post_header":false,"_kad_post_footer":false,"_kad_post_classname":"","jetpack_post_was_ever_published":false,"_jetpack_newsletter_access":"","_jetpack_dont_email_post_to_subs":false,"_jetpack_newsletter_tier_id":0,"_jetpack_memberships_contains_paywalled_content":false,"_jetpack_memberships_contains_paid_content":false,"footnotes":""},"categories":[16],"tags":[306,362,50,15,176,240,52,341,19,643,103,249,166,510,279,84,396],"class_list":["post-38542","post","type-post","status-publish","format-standard","hentry","category-economics","tag-306","tag-access-to-employment","tag-asylum-seekers","tag-economic-impact","tag-economic-integration","tag-employment","tag-french-language","tag-geneva","tag-labour-market","tag-refugee-status","tag-refugees","tag-report","tag-residence-permits","tag-short-term-residence-permit","tag-socioeconomic-factors","tag-unemployment","tag-work-permit"],"jetpack_featured_media_url":"","jetpack_sharing_enabled":true,"_links":{"self":[{"href":"https:\/\/swissmig.unine.ch\/index.php?rest_route=\/wp\/v2\/posts\/38542","targetHints":{"allow":["GET"]}}],"collection":[{"href":"https:\/\/swissmig.unine.ch\/index.php?rest_route=\/wp\/v2\/posts"}],"about":[{"href":"https:\/\/swissmig.unine.ch\/index.php?rest_route=\/wp\/v2\/types\/post"}],"author":[{"embeddable":true,"href":"https:\/\/swissmig.unine.ch\/index.php?rest_route=\/wp\/v2\/users\/2"}],"replies":[{"embeddable":true,"href":"https:\/\/swissmig.unine.ch\/index.php?rest_route=%2Fwp%2Fv2%2Fcomments&post=38542"}],"version-history":[{"count":1,"href":"https:\/\/swissmig.unine.ch\/index.php?rest_route=\/wp\/v2\/posts\/38542\/revisions"}],"predecessor-version":[{"id":38543,"href":"https:\/\/swissmig.unine.ch\/index.php?rest_route=\/wp\/v2\/posts\/38542\/revisions\/38543"}],"wp:attachment":[{"href":"https:\/\/swissmig.unine.ch\/index.php?rest_route=%2Fwp%2Fv2%2Fmedia&parent=38542"}],"wp:term":[{"taxonomy":"category","embeddable":true,"href":"https:\/\/swissmig.unine.ch\/index.php?rest_route=%2Fwp%2Fv2%2Fcategories&post=38542"},{"taxonomy":"post_tag","embeddable":true,"href":"https:\/\/swissmig.unine.ch\/index.php?rest_route=%2Fwp%2Fv2%2Ftags&post=38542"}],"curies":[{"name":"wp","href":"https:\/\/api.w.org\/{rel}","templated":true}]}}