{"id":38540,"date":"2026-02-02T08:00:00","date_gmt":"2026-02-02T07:00:00","guid":{"rendered":"https:\/\/swissmig.unine.ch\/?p=38540"},"modified":"2026-01-15T10:52:46","modified_gmt":"2026-01-15T09:52:46","slug":"analyse-des-blocages-a-linsertion-socio-professionnelle-des-titulaires-de-permis-b-refugie-et-f-dans-le-canton-de-geneve-investigation-du-dispositif-ais","status":"publish","type":"post","link":"https:\/\/swissmig.unine.ch\/?p=38540","title":{"rendered":"Analyse des blocages \u00e0 l\u2019insertion socio-professionnelle des titulaires de permis B-r\u00e9fugi\u00e9 et F dans le canton de Gen\u00e8ve : investigation du dispositif AIS"},"content":{"rendered":"\n<div class=\"wp-block-group\"><div class=\"wp-block-group__inner-container is-layout-constrained wp-block-group-is-layout-constrained\">\n<div class=\"wp-block-group is-vertical is-layout-flex wp-container-core-group-is-layout-8cf370e7 wp-block-group-is-layout-flex\">\n<h3 class=\"wp-block-heading\">Author(s): Julien Massard, Laurent Ott, Giovanni Ferro-Luzzi<\/h3>\n\n\n\n<h3 class=\"wp-block-heading\">Source: <a href=\"https:\/\/www.ge.ch\/document\/analyse-blocages-insertion-socio-professionnelle-titulaires-permis-b-refugie-f-dans-canton-geneve-mai-2025\" target=\"_blank\" rel=\"noreferrer noopener\">https:\/\/www.ge.ch\/document\/analyse-blocages-insertion-socio-professionnelle-titulaires-permis-b-refugie-f-dans-canton-geneve-mai-2025<\/a> <\/h3>\n<\/div>\n<\/div><\/div>\n\n\n\n<!--more-->\n\n\n\n<p><strong>Abstract<\/strong><\/p>\n\n\n\n<blockquote class=\"wp-block-quote is-layout-flow wp-block-quote-is-layout-flow\">\n<p>N\/A<\/p>\n<\/blockquote>\n","protected":false},"excerpt":{"rendered":"<p>Author(s): Julien Massard, Laurent Ott, Giovanni Ferro-Luzzi Source: https:\/\/www.ge.ch\/document\/analyse-blocages-insertion-socio-professionnelle-titulaires-permis-b-refugie-f-dans-canton-geneve-mai-2025<\/p>\n","protected":false},"author":2,"featured_media":0,"comment_status":"open","ping_status":"open","sticky":false,"template":"","format":"standard","meta":{"_kadence_starter_templates_imported_post":false,"_kad_post_transparent":"","_kad_post_title":"","_kad_post_layout":"","_kad_post_sidebar_id":"","_kad_post_content_style":"","_kad_post_vertical_padding":"","_kad_post_feature":"","_kad_post_feature_position":"","_kad_post_header":false,"_kad_post_footer":false,"_kad_post_classname":"","jetpack_post_was_ever_published":false,"_jetpack_newsletter_access":"","_jetpack_dont_email_post_to_subs":false,"_jetpack_newsletter_tier_id":0,"_jetpack_memberships_contains_paywalled_content":false,"_jetpack_memberships_contains_paid_content":false,"footnotes":""},"categories":[12],"tags":[306,50,668,263,146,176,82,21,52,341,153,160,19,236,643,103,249,166,510,91],"class_list":["post-38540","post","type-post","status-publish","format-standard","hentry","category-politics","tag-306","tag-asylum-seekers","tag-caregivers","tag-deskilling","tag-discrimination","tag-economic-integration","tag-ethnic-discrimination","tag-family","tag-french-language","tag-geneva","tag-health","tag-integration-programmes","tag-labour-market","tag-language-barriers","tag-refugee-status","tag-refugees","tag-report","tag-residence-permits","tag-short-term-residence-permit","tag-social-integration"],"jetpack_featured_media_url":"","jetpack_sharing_enabled":true,"_links":{"self":[{"href":"https:\/\/swissmig.unine.ch\/index.php?rest_route=\/wp\/v2\/posts\/38540","targetHints":{"allow":["GET"]}}],"collection":[{"href":"https:\/\/swissmig.unine.ch\/index.php?rest_route=\/wp\/v2\/posts"}],"about":[{"href":"https:\/\/swissmig.unine.ch\/index.php?rest_route=\/wp\/v2\/types\/post"}],"author":[{"embeddable":true,"href":"https:\/\/swissmig.unine.ch\/index.php?rest_route=\/wp\/v2\/users\/2"}],"replies":[{"embeddable":true,"href":"https:\/\/swissmig.unine.ch\/index.php?rest_route=%2Fwp%2Fv2%2Fcomments&post=38540"}],"version-history":[{"count":1,"href":"https:\/\/swissmig.unine.ch\/index.php?rest_route=\/wp\/v2\/posts\/38540\/revisions"}],"predecessor-version":[{"id":38541,"href":"https:\/\/swissmig.unine.ch\/index.php?rest_route=\/wp\/v2\/posts\/38540\/revisions\/38541"}],"wp:attachment":[{"href":"https:\/\/swissmig.unine.ch\/index.php?rest_route=%2Fwp%2Fv2%2Fmedia&parent=38540"}],"wp:term":[{"taxonomy":"category","embeddable":true,"href":"https:\/\/swissmig.unine.ch\/index.php?rest_route=%2Fwp%2Fv2%2Fcategories&post=38540"},{"taxonomy":"post_tag","embeddable":true,"href":"https:\/\/swissmig.unine.ch\/index.php?rest_route=%2Fwp%2Fv2%2Ftags&post=38540"}],"curies":[{"name":"wp","href":"https:\/\/api.w.org\/{rel}","templated":true}]}}