{"id":38527,"date":"2026-01-16T16:18:36","date_gmt":"2026-01-16T15:18:36","guid":{"rendered":"https:\/\/swissmig.unine.ch\/?p=38527"},"modified":"2026-01-14T16:28:05","modified_gmt":"2026-01-14T15:28:05","slug":"migration-feminine-au-dela-des-stereotypes","status":"publish","type":"post","link":"https:\/\/swissmig.unine.ch\/?p=38527","title":{"rendered":"Migration f\u00e9minine, au-del\u00e0 des st\u00e9r\u00e9otypes"},"content":{"rendered":"\n<div class=\"wp-block-group\"><div class=\"wp-block-group__inner-container is-layout-constrained wp-block-group-is-layout-constrained\">\n<div class=\"wp-block-group is-vertical is-layout-flex wp-container-core-group-is-layout-8cf370e7 wp-block-group-is-layout-flex\">\n<h3 class=\"wp-block-heading\">Author(s): Corinne Dallera, V\u00e9ronique Ducret<\/h3>\n\n\n\n<h3 class=\"wp-block-heading\">Source: <a href=\"https:\/\/2e-observatoire.com\/wp-content\/uploads\/2020\/05\/Brochure-Migration-feminine-au-dela-des-stereotypes.pdf\" target=\"_blank\" rel=\"noreferrer noopener\">https:\/\/2e-observatoire.com\/wp-content\/uploads\/2020\/05\/Brochure-Migration-feminine-au-dela-des-stereotypes.pdf<\/a><\/h3>\n<\/div>\n<\/div><\/div>\n\n\n\n<!--more-->\n\n\n\n<p><strong>Abstract<\/strong><\/p>\n\n\n\n<blockquote class=\"wp-block-quote is-layout-flow wp-block-quote-is-layout-flow\">\n<p>Dans le cadre de cette \u00e9tude, nous avons men\u00e9 des entretiens individuels avec une quinzaine de femmes ayant migr\u00e9 dans les cantons de Gen\u00e8ve, Neuch\u00e2tel et Valais entre 1980 et 2002 de leur propre initiative et en vue d&#8217;exercer une activit\u00e9 lucrative. Nous avons choisi de restituer ici de larges extraits de leur t\u00e9moignage que nous avons agenc\u00e9s et compl\u00e9t\u00e9s en vue de pr\u00e9senter des tranches de vie depuis l&#8217;arriv\u00e9e en Suisse jusqu&#8217;\u00e0 la situation actuelle.<\/p>\n<\/blockquote>\n","protected":false},"excerpt":{"rendered":"<p>Author(s): Corinne Dallera, V\u00e9ronique Ducret Source: https:\/\/2e-observatoire.com\/wp-content\/uploads\/2020\/05\/Brochure-Migration-feminine-au-dela-des-stereotypes.pdf<\/p>\n","protected":false},"author":3,"featured_media":0,"comment_status":"open","ping_status":"open","sticky":false,"template":"","format":"standard","meta":{"_kadence_starter_templates_imported_post":false,"_kad_post_transparent":"","_kad_post_title":"","_kad_post_layout":"","_kad_post_sidebar_id":"","_kad_post_content_style":"","_kad_post_vertical_padding":"","_kad_post_feature":"","_kad_post_feature_position":"","_kad_post_header":false,"_kad_post_footer":false,"_kad_post_classname":"","jetpack_post_was_ever_published":false,"_jetpack_newsletter_access":"","_jetpack_dont_email_post_to_subs":true,"_jetpack_newsletter_tier_id":0,"_jetpack_memberships_contains_paywalled_content":false,"_jetpack_memberships_contains_paid_content":false,"footnotes":""},"categories":[24],"tags":[85,52,148,17,154,100,66,138,356,249,257,347,201],"class_list":["post-38527","post","type-post","status-publish","format-standard","hentry","category-society-family-racism","tag-85","tag-french-language","tag-gender","tag-immigrants","tag-interviews","tag-labour-migration","tag-migration","tag-migration-motives","tag-migratory-status","tag-report","tag-stereotypes","tag-testimonies","tag-women"],"jetpack_featured_media_url":"","jetpack_sharing_enabled":true,"_links":{"self":[{"href":"https:\/\/swissmig.unine.ch\/index.php?rest_route=\/wp\/v2\/posts\/38527","targetHints":{"allow":["GET"]}}],"collection":[{"href":"https:\/\/swissmig.unine.ch\/index.php?rest_route=\/wp\/v2\/posts"}],"about":[{"href":"https:\/\/swissmig.unine.ch\/index.php?rest_route=\/wp\/v2\/types\/post"}],"author":[{"embeddable":true,"href":"https:\/\/swissmig.unine.ch\/index.php?rest_route=\/wp\/v2\/users\/3"}],"replies":[{"embeddable":true,"href":"https:\/\/swissmig.unine.ch\/index.php?rest_route=%2Fwp%2Fv2%2Fcomments&post=38527"}],"version-history":[{"count":1,"href":"https:\/\/swissmig.unine.ch\/index.php?rest_route=\/wp\/v2\/posts\/38527\/revisions"}],"predecessor-version":[{"id":38528,"href":"https:\/\/swissmig.unine.ch\/index.php?rest_route=\/wp\/v2\/posts\/38527\/revisions\/38528"}],"wp:attachment":[{"href":"https:\/\/swissmig.unine.ch\/index.php?rest_route=%2Fwp%2Fv2%2Fmedia&parent=38527"}],"wp:term":[{"taxonomy":"category","embeddable":true,"href":"https:\/\/swissmig.unine.ch\/index.php?rest_route=%2Fwp%2Fv2%2Fcategories&post=38527"},{"taxonomy":"post_tag","embeddable":true,"href":"https:\/\/swissmig.unine.ch\/index.php?rest_route=%2Fwp%2Fv2%2Ftags&post=38527"}],"curies":[{"name":"wp","href":"https:\/\/api.w.org\/{rel}","templated":true}]}}