{"id":38523,"date":"2026-01-16T15:14:24","date_gmt":"2026-01-16T14:14:24","guid":{"rendered":"https:\/\/swissmig.unine.ch\/?p=38523"},"modified":"2026-01-14T15:25:38","modified_gmt":"2026-01-14T14:25:38","slug":"integration-et-travail-champs-dactivite-acteurs-et-domaines-a-developper-dans-loptique-de-lamelioration-du-statut-des-etrangers-dans-le-marche-suisse-du-travail-integration-und-arbeit-hand","status":"publish","type":"post","link":"https:\/\/swissmig.unine.ch\/?p=38523","title":{"rendered":"Int\u00e9gration et travail: champs d&#8217;activit\u00e9, acteurs et domaines \u00e0 d\u00e9velopper dans l&#8217;optique de l&#8217;am\u00e9lioration du statut des \u00e9trangers dans le march\u00e9 suisse du travail \/ Integration und Arbeit : Handlungsfelder, Akteure und Ansatzpunkte zur Besserstellung von Ausl\u00e4nderinnen und Ausl\u00e4ndern auf dem Schweizer Arbeitsmarkt"},"content":{"rendered":"\n<div class=\"wp-block-group\"><div class=\"wp-block-group__inner-container is-layout-constrained wp-block-group-is-layout-constrained\">\n<div class=\"wp-block-group is-vertical is-layout-flex wp-container-core-group-is-layout-8cf370e7 wp-block-group-is-layout-flex\">\n<h3 class=\"wp-block-heading\">Author(s): Theres Egger, EKA \/ CFE<\/h3>\n\n\n\n<h3 class=\"wp-block-heading\">Source: DE : <a href=\"https:\/\/www.ekm.admin.ch\/dam\/de\/sd-web\/HTyBbzmhzSHb\/integration-arbeit-d.pdf\" target=\"_blank\" rel=\"noreferrer noopener\">https:\/\/www.ekm.admin.ch\/dam\/de\/sd-web\/HTyBbzmhzSHb\/integration-arbeit-d.pdf<\/a>  FR : <a href=\"https:\/\/edudoc.ch\/record\/38795\/files\/EKM_arbeit_f.pdf\" target=\"_blank\" rel=\"noreferrer noopener\">https:\/\/edudoc.ch\/record\/38795\/files\/EKM_arbeit_f.pdf<\/a><\/h3>\n<\/div>\n<\/div><\/div>\n\n\n\n<!--more-->\n\n\n\n<p><strong>Abstract<\/strong><\/p>\n\n\n\n<blockquote class=\"wp-block-quote is-layout-flow wp-block-quote-is-layout-flow\">\n<p>Der vorliegende Bericht will eine Basis f\u00fcr die weitere Diskussion der umfassenden Thematik \u00abIntegration und Arbeit\u00bb schaffen. Um Wege der Integration aufzeigen zu k\u00f6nnen, ist es zun\u00e4chst notwendig, die Faktoren, welche den Zugang zum Arbeitsmarkt und die berufliche Mobilit\u00e4t<br>erschweren, systematisch zu beschreiben. Es ist sinnvoll, eingangs die Stellung von Ausl\u00e4nderinnen und Ausl\u00e4ndern in der Arbeitswelt anhand von einigen ausgew\u00e4hlten statistischen Eckdaten zu dokumentieren (Kapitel 2).<\/p>\n\n\n\n<p>Le pr\u00e9sent rapport a pour but de cr\u00e9er une base pour un d\u00e9bat ult\u00e9rieur sur la th\u00e9matique globale \u00abInt\u00e9gration et travail\u00bb. Dans l\u2019optique de mettre en \u00e9vidence les voies conduisant \u00e0 l\u2019int\u00e9gration, il est tout d\u2019abord n\u00e9cessaire de proc\u00e9der, de mani\u00e8re syst\u00e9matique, \u00e0 une description des facteurs qui compliquent l\u2019acc\u00e8s au march\u00e9 du travail et la mobilit\u00e9 professionnelle. Il est judicieux, initialement, de justifier la position des \u00e9trangers \u00e0 l\u2019aide de quelques donn\u00e9es de r\u00e9f\u00e9rence statistiques (chapitre 2).<\/p>\n<\/blockquote>\n","protected":false},"excerpt":{"rendered":"<p>Author(s): Theres Egger, EKA \/ CFE Source: DE : https:\/\/www.ekm.admin.ch\/dam\/de\/sd-web\/HTyBbzmhzSHb\/integration-arbeit-d.pdf&#8230;<\/p>\n","protected":false},"author":3,"featured_media":0,"comment_status":"open","ping_status":"open","sticky":false,"template":"","format":"standard","meta":{"_kadence_starter_templates_imported_post":false,"_kad_post_transparent":"","_kad_post_title":"","_kad_post_layout":"","_kad_post_sidebar_id":"","_kad_post_content_style":"","_kad_post_vertical_padding":"","_kad_post_feature":"","_kad_post_feature_position":"","_kad_post_header":false,"_kad_post_footer":false,"_kad_post_classname":"","jetpack_post_was_ever_published":false,"_jetpack_newsletter_access":"","_jetpack_dont_email_post_to_subs":true,"_jetpack_newsletter_tier_id":0,"_jetpack_memberships_contains_paywalled_content":false,"_jetpack_memberships_contains_paid_content":false,"footnotes":""},"categories":[16],"tags":[481,176,240,28,52,73,19,83,100,122,356,249,384,158],"class_list":["post-38523","post","type-post","status-publish","format-standard","hentry","category-economics","tag-481","tag-economic-integration","tag-employment","tag-foreigners","tag-french-language","tag-german-language","tag-labour-market","tag-labour-market-policy","tag-labour-migration","tag-migrants","tag-migratory-status","tag-report","tag-workers","tag-working-conditions"],"jetpack_featured_media_url":"","jetpack_sharing_enabled":true,"_links":{"self":[{"href":"https:\/\/swissmig.unine.ch\/index.php?rest_route=\/wp\/v2\/posts\/38523","targetHints":{"allow":["GET"]}}],"collection":[{"href":"https:\/\/swissmig.unine.ch\/index.php?rest_route=\/wp\/v2\/posts"}],"about":[{"href":"https:\/\/swissmig.unine.ch\/index.php?rest_route=\/wp\/v2\/types\/post"}],"author":[{"embeddable":true,"href":"https:\/\/swissmig.unine.ch\/index.php?rest_route=\/wp\/v2\/users\/3"}],"replies":[{"embeddable":true,"href":"https:\/\/swissmig.unine.ch\/index.php?rest_route=%2Fwp%2Fv2%2Fcomments&post=38523"}],"version-history":[{"count":1,"href":"https:\/\/swissmig.unine.ch\/index.php?rest_route=\/wp\/v2\/posts\/38523\/revisions"}],"predecessor-version":[{"id":38524,"href":"https:\/\/swissmig.unine.ch\/index.php?rest_route=\/wp\/v2\/posts\/38523\/revisions\/38524"}],"wp:attachment":[{"href":"https:\/\/swissmig.unine.ch\/index.php?rest_route=%2Fwp%2Fv2%2Fmedia&parent=38523"}],"wp:term":[{"taxonomy":"category","embeddable":true,"href":"https:\/\/swissmig.unine.ch\/index.php?rest_route=%2Fwp%2Fv2%2Fcategories&post=38523"},{"taxonomy":"post_tag","embeddable":true,"href":"https:\/\/swissmig.unine.ch\/index.php?rest_route=%2Fwp%2Fv2%2Ftags&post=38523"}],"curies":[{"name":"wp","href":"https:\/\/api.w.org\/{rel}","templated":true}]}}