{"id":38519,"date":"2026-01-16T14:38:17","date_gmt":"2026-01-16T13:38:17","guid":{"rendered":"https:\/\/swissmig.unine.ch\/?p=38519"},"modified":"2026-01-14T14:52:50","modified_gmt":"2026-01-14T13:52:50","slug":"integration-und-habitat-die-angemessene-wohnung-als-voraussetzung-fur-den-familiennachzug-integration-et-habitat-le-logement-convenable-comme-condition-pour-le-regroupement-familial-int","status":"publish","type":"post","link":"https:\/\/swissmig.unine.ch\/?p=38519","title":{"rendered":"Integration und Habitat: die &#8220;angemessene Wohnung&#8221; als Voraussetzung f\u00fcr den Familiennachzug = Int\u00e9gration et habitat : le logement &#8220;convenable&#8221; comme condition pour le regroupement familial = Integrazione e abitato : l&#8217;alloggio &#8220;conveniente&#8221; quale presupposto per il ricongiungimento familiare"},"content":{"rendered":"\n<div class=\"wp-block-group\"><div class=\"wp-block-group__inner-container is-layout-constrained wp-block-group-is-layout-constrained\">\n<div class=\"wp-block-group is-vertical is-layout-flex wp-container-core-group-is-layout-8cf370e7 wp-block-group-is-layout-flex\">\n<h3 class=\"wp-block-heading\">Author(s): Alberto Achermann<\/h3>\n\n\n\n<h3 class=\"wp-block-heading\">Source: <a href=\"https:\/\/www.ekm.admin.ch\/dam\/fr\/sd-web\/PcUEGUOg987V\/wohnung-familiennachzug-dfi.pdf\" target=\"_blank\" rel=\"noreferrer noopener\">https:\/\/www.ekm.admin.ch\/dam\/fr\/sd-web\/PcUEGUOg987V\/wohnung-familiennachzug-dfi.pdf<\/a><\/h3>\n<\/div>\n<\/div><\/div>\n\n\n\n<!--more-->\n\n\n\n<p><strong>Abstract<\/strong><\/p>\n\n\n\n<blockquote class=\"wp-block-quote is-layout-flow wp-block-quote-is-layout-flow\">\n<p>Die EKA hat f\u00fcr die Jahre 2004 und 2005 den Arbeitsschwerpunkt \u00abIntegration und Habitat \u2013 Wohnen,<br>Siedlungspolitik und Raumplanung\u00bb gew\u00e4hlt und dabei die verschiedenen Aspekte, die das Zusammenleben von Einheimischen und Zugewanderten betreffen, aufgegriffen. Sie hat mit den unterschiedlichsten Akteuren Kontakt aufgenommen, hat gemeinsam mit ihnen Projekte initiiert, sie hat mit Fachleuten Hearings zu spezifischen Fragestellungen durchgef\u00fchrt und hat auf der Basis von Diskussionen mit direkt in die Quartier- und Wohnpolitik Involvierten Empfehlungen erarbeitet. Die<br>Empfehlungen unter den Stichworten \u00abZusammenwohnen erleichtern\u00bb und \u00abRechtliche und planerische Integrationshemmnisse beseitigen\u00bb wurden an der Jahrestagung der EKA einer breiten \u00d6ffentlichkeit vorgestellt und mit Partnerinnen und Partnern, die sich mit Integrations- und Wohnpolitik befassen, diskutiert.<\/p>\n\n\n\n<p>Pour les ann\u00e9es 2004 et 2005, la CFE a choisi comme th\u00e8me principal \u00abInt\u00e9gration et habitat \u2013 logement, politique de l\u2019habitat et am\u00e9nagement du territoire\u00bb. Elle a abord\u00e9 les diff\u00e9rents aspects qui concernent la cohabitation de la population autochtone avec celle des immigr\u00e9s. La CFE a pris des contacts avec les acteurs les plus divers et a initi\u00e9 des projets avec eux. Elle a encore organis\u00e9 des<br>hearings avec les sp\u00e9cialistes en la mati\u00e8re pour tenter de r\u00e9pondre \u00e0 des questions tout \u00e0 fait sp\u00e9cifiques aussi. Enfin, apr\u00e8s plusieurs discussions avec les milieux concern\u00e9s directement par la politique des quartiers ou la politique du logement, elle a \u00e9labor\u00e9 des recommandations qui<br>tournent autour des deux axes suivants: \u00abFaciliter la cohabitation\u00bb et \u00ab\u00c9liminer les obstacles juridiques et urbanistiques \u00e0 l\u2019int\u00e9gration\u00bb.<\/p>\n\n\n\n<p>La CFS ha scelto quale tema centrale della propria attivit\u00e0 per gli anni 2004\u20132005 \u00abIntegrazione e abitato \u2013 Alloggio, politica residenziale e pianificazione del territorio\u00bb, sollevando cos\u00ec diversi aspetti concernenti la coabitazione della popolazione indigena e della popolazione immigrata. La CFS ha preso contatto con le diverse parti attive, lanciando con esse progetti comuni. Essa ha inoltre consultato diversi specialisti in merito a tematiche specifiche ed ha steso una serie di raccomandazioni in base a discussioni tenute con le persone e le cerchie direttamente interessate dalla politica di quartiere e abitativa. Le raccomandazioni, incentrate sui due temi chiave \u00abFacilitare la coabitazione\u00bb e \u00abOvviare agli ostacoli giuridici e pianificatori all\u2019integrazione\u00bb, sono state presentate a un largo pubblico in occasione della Giornata annuale della CFS.<\/p>\n<\/blockquote>\n","protected":false},"excerpt":{"rendered":"<p>Author(s): Alberto Achermann Source: https:\/\/www.ekm.admin.ch\/dam\/fr\/sd-web\/PcUEGUOg987V\/wohnung-familiennachzug-dfi.pdf<\/p>\n","protected":false},"author":3,"featured_media":0,"comment_status":"open","ping_status":"open","sticky":false,"template":"","format":"standard","meta":{"_kadence_starter_templates_imported_post":false,"_kad_post_transparent":"","_kad_post_title":"","_kad_post_layout":"","_kad_post_sidebar_id":"","_kad_post_content_style":"","_kad_post_vertical_padding":"","_kad_post_feature":"","_kad_post_feature_position":"","_kad_post_header":false,"_kad_post_footer":false,"_kad_post_classname":"","jetpack_post_was_ever_published":false,"_jetpack_newsletter_access":"","_jetpack_dont_email_post_to_subs":true,"_jetpack_newsletter_tier_id":0,"_jetpack_memberships_contains_paywalled_content":false,"_jetpack_memberships_contains_paid_content":false,"footnotes":""},"categories":[12],"tags":[85,147,52,108,73,378,387,461,303,249,91,392],"class_list":["post-38519","post","type-post","status-publish","format-standard","hentry","category-politics","tag-85","tag-family-reunification","tag-french-language","tag-geography","tag-german-language","tag-housing","tag-integration-policy","tag-italian-language","tag-legal-aspects","tag-report","tag-social-integration","tag-urban-policy"],"jetpack_featured_media_url":"","jetpack_sharing_enabled":true,"_links":{"self":[{"href":"https:\/\/swissmig.unine.ch\/index.php?rest_route=\/wp\/v2\/posts\/38519","targetHints":{"allow":["GET"]}}],"collection":[{"href":"https:\/\/swissmig.unine.ch\/index.php?rest_route=\/wp\/v2\/posts"}],"about":[{"href":"https:\/\/swissmig.unine.ch\/index.php?rest_route=\/wp\/v2\/types\/post"}],"author":[{"embeddable":true,"href":"https:\/\/swissmig.unine.ch\/index.php?rest_route=\/wp\/v2\/users\/3"}],"replies":[{"embeddable":true,"href":"https:\/\/swissmig.unine.ch\/index.php?rest_route=%2Fwp%2Fv2%2Fcomments&post=38519"}],"version-history":[{"count":1,"href":"https:\/\/swissmig.unine.ch\/index.php?rest_route=\/wp\/v2\/posts\/38519\/revisions"}],"predecessor-version":[{"id":38520,"href":"https:\/\/swissmig.unine.ch\/index.php?rest_route=\/wp\/v2\/posts\/38519\/revisions\/38520"}],"wp:attachment":[{"href":"https:\/\/swissmig.unine.ch\/index.php?rest_route=%2Fwp%2Fv2%2Fmedia&parent=38519"}],"wp:term":[{"taxonomy":"category","embeddable":true,"href":"https:\/\/swissmig.unine.ch\/index.php?rest_route=%2Fwp%2Fv2%2Fcategories&post=38519"},{"taxonomy":"post_tag","embeddable":true,"href":"https:\/\/swissmig.unine.ch\/index.php?rest_route=%2Fwp%2Fv2%2Ftags&post=38519"}],"curies":[{"name":"wp","href":"https:\/\/api.w.org\/{rel}","templated":true}]}}