{"id":38516,"date":"2026-01-14T12:57:39","date_gmt":"2026-01-14T11:57:39","guid":{"rendered":"https:\/\/swissmig.unine.ch\/?p=38516"},"modified":"2026-01-12T13:03:43","modified_gmt":"2026-01-12T12:03:43","slug":"vorlaufige-aufnahme-die-optik-der-grundrechte","status":"publish","type":"post","link":"https:\/\/swissmig.unine.ch\/?p=38516","title":{"rendered":"Vorl\u00e4ufige Aufnahme: die Optik der Grundrechte"},"content":{"rendered":"\n<div class=\"wp-block-group\"><div class=\"wp-block-group__inner-container is-layout-constrained wp-block-group-is-layout-constrained\">\n<div class=\"wp-block-group is-vertical is-layout-flex wp-container-core-group-is-layout-8cf370e7 wp-block-group-is-layout-flex\">\n<h3 class=\"wp-block-heading\">Author(s): Regina Kiener, Andreas Rieder, Val\u00e9rie Gysi, Katja Egger, Mathias Kuhn<\/h3>\n\n\n\n<h3 class=\"wp-block-heading\">Source: <a href=\"https:\/\/www.ekr.admin.ch\/pdf\/vorlaeufige_aufnahme_03-06def-gesamt8309.pdf\" target=\"_blank\" rel=\"noreferrer noopener\">https:\/\/www.ekr.admin.ch\/pdf\/vorlaeufige_aufnahme_03-06def-gesamt8309.pdf<\/a><\/h3>\n<\/div>\n<\/div><\/div>\n\n\n\n<!--more-->\n\n\n\n<p><strong>Abstract<\/strong><\/p>\n\n\n\n<blockquote class=\"wp-block-quote is-layout-flow wp-block-quote-is-layout-flow\">\n<p>Bereits vor einiger Zeit haben Private und Nichtregierungsorganisationen das Prob-<br>lem der vorl\u00e4ufigen Aufnahme (Aufenthaltsstatus F) an die EKR herangetragen \u2013 dies<br>mit der Bitte, aufscheinende \u00abUngerechtigkeiten\u00bb, H\u00e4rten und bestehende Vorurteile in<br>der Gesellschaft gegen\u00fcber Menschen mit diesem Status zu bek\u00e4mpfen.<br>Die EKR nimmt solche Anliegen und Hinweise ernst. Allerdings geh\u00f6ren Fragen, die<br>sich allgemein auf das Ausl\u00e4nderrecht beziehen, nicht zu ihrem Aufgabenbereich. Die<br>EKR ist jedoch beauftragt, Bereiche auszuleuchten, in denen institutionelle Benachteili-<br>gung besteht und gesellschaftliche Ausgrenzung gegen\u00fcber Menschen anderer Her-<br>kunft stattfindet. Es ist ihre Aufgabe, die Mechanismen darzustellen, die sich daraus zu<br>Ungunsten einer gewissen Gruppe ergeben. Insbesondere ist es ihr ein Anliegen, die<br>politische Aufmerksamkeit auf eine Bev\u00f6lkerungsgruppe von rund 26 000 Menschen<br>mit einer vorl\u00e4ufigen Aufnahme (Status F) zu lenken, die \u2013 unter Ausschluss der<br>Wahrnehmung der Bev\u00f6lkerung \u2013 in \u00e4usserst schwierigen Verh\u00e4ltnissen in unserem<br>Land leben.<br>Die soziologisch-politische Studie des Schweizerischen Forums f\u00fcr Migrations- und<br>Bev\u00f6lkerungsstudien SFM (AutorInnen Kamm, Efionayi-M\u00e4der, Neubauer, Wanner,<br>Zannol) untersucht die Lebenssituation von Menschen mit vorl\u00e4ufiger Aufnahme; sie<br>tut dies im Generellen und am Beispiel von drei Kantonen im Konkreten. Sie zeigt auf,<br>dass die Einschr\u00e4nkungen, denen diese Menschen unterworfen sind, eine Reihe nicht<br>beabsichtigter, bisher aber hingenommener Benachteiligungen nach sich ziehen. Diese<br>bewirken auf l\u00e4ngere Zeit einen tiefgreifenden Ausschluss aus der Gesellschaft und<br>verunm\u00f6glichen ein normales Familienleben. Diese Studie wurde mit Unterst\u00fctzung<br>der Eidg. Ausl\u00e4nderkommission (EKA) und der Eidg. Kommission f\u00fcr Fl\u00fcchtlingsfra-<br>gen (EKF) erstellt.<br>Das juristische Gutachten von Regina Kiener und Andreas Rieder, Universit\u00e4ten Bern<br>und Freiburg, kommt zum Schluss, dass vorl\u00e4ufig Aufgenommene als eine \u00fcber ihren<br>Aufenthaltsstatus definierte Gruppe nicht zu den vom Diskriminierungsverbot (Art. 8<br>Abs. 2 BV) gesch\u00fctzten Gruppen geh\u00f6ren. Die grundrechtsrelevanten Einschr\u00e4nkun-<br>gen im Bereich des Familienlebens, der Arbeit, der Sozialhilfe und der Integration, de-<br>nen Menschen mit Status F unterworfen sind, lassen sich zwar f\u00fcr eine kurze Dauer<br>rechtfertigen. Bleiben sie aber \u00fcber einen l\u00e4ngeren Zeitraum wirksam, kann dies die<br>ebenfalls in der Bundesverfassung (Art. 7 BV) verankerte grundrechtliche Garantie der<br>Menschenw\u00fcrde tangieren. Nach Art. 35 BV sind die Beh\u00f6rden verpflichtet, auf allen<br>Ebenen die Grundrechte zu verwirklichen.<\/p>\n<\/blockquote>\n","protected":false},"excerpt":{"rendered":"<p>Author(s): Regina Kiener, Andreas Rieder, Val\u00e9rie Gysi, Katja Egger, Mathias&#8230;<\/p>\n","protected":false},"author":3,"featured_media":0,"comment_status":"open","ping_status":"open","sticky":false,"template":"","format":"standard","meta":{"_kadence_starter_templates_imported_post":false,"_kad_post_transparent":"","_kad_post_title":"","_kad_post_layout":"","_kad_post_sidebar_id":"","_kad_post_content_style":"","_kad_post_vertical_padding":"","_kad_post_feature":"","_kad_post_feature_position":"","_kad_post_header":false,"_kad_post_footer":false,"_kad_post_classname":"","jetpack_post_was_ever_published":false,"_jetpack_newsletter_access":"","_jetpack_dont_email_post_to_subs":true,"_jetpack_newsletter_tier_id":0,"_jetpack_memberships_contains_paywalled_content":false,"_jetpack_memberships_contains_paid_content":false,"footnotes":""},"categories":[12],"tags":[481,111,49,50,79,82,73,128,303,104,249,166,91,402],"class_list":["post-38516","post","type-post","status-publish","format-standard","hentry","category-politics","tag-481","tag-asylum-applications","tag-asylum-policy","tag-asylum-seekers","tag-equal-opportunities","tag-ethnic-discrimination","tag-german-language","tag-human-rights","tag-legal-aspects","tag-living-conditions","tag-report","tag-residence-permits","tag-social-integration","tag-temporary-admission"],"jetpack_featured_media_url":"","jetpack_sharing_enabled":true,"_links":{"self":[{"href":"https:\/\/swissmig.unine.ch\/index.php?rest_route=\/wp\/v2\/posts\/38516","targetHints":{"allow":["GET"]}}],"collection":[{"href":"https:\/\/swissmig.unine.ch\/index.php?rest_route=\/wp\/v2\/posts"}],"about":[{"href":"https:\/\/swissmig.unine.ch\/index.php?rest_route=\/wp\/v2\/types\/post"}],"author":[{"embeddable":true,"href":"https:\/\/swissmig.unine.ch\/index.php?rest_route=\/wp\/v2\/users\/3"}],"replies":[{"embeddable":true,"href":"https:\/\/swissmig.unine.ch\/index.php?rest_route=%2Fwp%2Fv2%2Fcomments&post=38516"}],"version-history":[{"count":1,"href":"https:\/\/swissmig.unine.ch\/index.php?rest_route=\/wp\/v2\/posts\/38516\/revisions"}],"predecessor-version":[{"id":38517,"href":"https:\/\/swissmig.unine.ch\/index.php?rest_route=\/wp\/v2\/posts\/38516\/revisions\/38517"}],"wp:attachment":[{"href":"https:\/\/swissmig.unine.ch\/index.php?rest_route=%2Fwp%2Fv2%2Fmedia&parent=38516"}],"wp:term":[{"taxonomy":"category","embeddable":true,"href":"https:\/\/swissmig.unine.ch\/index.php?rest_route=%2Fwp%2Fv2%2Fcategories&post=38516"},{"taxonomy":"post_tag","embeddable":true,"href":"https:\/\/swissmig.unine.ch\/index.php?rest_route=%2Fwp%2Fv2%2Ftags&post=38516"}],"curies":[{"name":"wp","href":"https:\/\/api.w.org\/{rel}","templated":true}]}}