{"id":38514,"date":"2026-01-14T12:39:13","date_gmt":"2026-01-14T11:39:13","guid":{"rendered":"https:\/\/swissmig.unine.ch\/?p=38514"},"modified":"2026-01-12T12:54:21","modified_gmt":"2026-01-12T11:54:21","slug":"admission-provisoire-sous-langle-des-droits-fondamentaux-resume","status":"publish","type":"post","link":"https:\/\/swissmig.unine.ch\/?p=38514","title":{"rendered":"Admission provisoire : sous l\u2019angle des droits fondamentaux. R\u00e9sum\u00e9"},"content":{"rendered":"\n<div class=\"wp-block-group\"><div class=\"wp-block-group__inner-container is-layout-constrained wp-block-group-is-layout-constrained\">\n<div class=\"wp-block-group is-vertical is-layout-flex wp-container-core-group-is-layout-8cf370e7 wp-block-group-is-layout-flex\">\n<h3 class=\"wp-block-heading\">Author(s): Regina Kiener, Andreas Rieder, Val\u00e9rie Gysi, Katja Egger, Mathias Kuhn<\/h3>\n\n\n\n<h3 class=\"wp-block-heading\">Source: <a href=\"https:\/\/www.ekr.admin.ch\/pdf\/vorlaeufige_aufnahme_03-06def-f05f6.pdf\" target=\"_blank\" rel=\"noreferrer noopener\">https:\/\/www.ekr.admin.ch\/pdf\/vorlaeufige_aufnahme_03-06def-f05f6.pdf<\/a><\/h3>\n<\/div>\n<\/div><\/div>\n\n\n\n<!--more-->\n\n\n\n<p><strong>Abstract<\/strong><\/p>\n\n\n\n<blockquote class=\"wp-block-quote is-layout-flow wp-block-quote-is-layout-flow\">\n<p>Il y a quelque temps d\u00e9j\u00e0, des particuliers et des organisations non gouvernementales se sont adress\u00e9s \u00e0 la CFR pour lui soumettre le probl\u00e8me de l\u2019admission provisoire (permis F) en lui demandant de lutter contre les \u00abinjustices\u00bb dont seraient apparemment victimes les personnes disposant de ce statut et les pr\u00e9jug\u00e9s dont la soci\u00e9t\u00e9 fait preuve \u00e0 leur \u00e9gard.<br>La CFR prend ce genre de demandes tr\u00e8s au s\u00e9rieux mais les questions qui se rapportent d\u2019une mani\u00e8re g\u00e9n\u00e9rale au droit des \u00e9trangers ne rel\u00e8vent pas de sa comp\u00e9tence. La CFR a n\u00e9anmoins \u00e9t\u00e9 charg\u00e9e de mettre en lumi\u00e8re les domaines dans lesquels les personnes venant d\u2019autres pays subissent des pr\u00e9judices d\u2019ordre institutionnel et sont exclues de la soci\u00e9t\u00e9. Sa mission est de pr\u00e9senter les m\u00e9canismes qui en r\u00e9sultent et qui se r\u00e9v\u00e8lent d\u00e9favorables \u00e0 un certain groupe. Elle tient notamment \u00e0 attirer l\u2019attention du monde politique sur les 26 000 personnes au b\u00e9n\u00e9fice de l\u2019admission provisoire (permis F) qui vivent dans notre pays dans des conditions extr\u00eamement p\u00e9nibles, sans \u00eatre per\u00e7ues par la population. C\u2019est pourquoi elle pr\u00e9sente ci-apr\u00e8s deux travaux de recherche.<br>Le premier est l\u2019\u00e9tude socio-politique du Forum Suisse pour l\u2019\u00e9tude des migrations et de la population (FSM) \u00e9labor\u00e9e par M. Kamm, D. Efionayi-M\u00e4der, A. Neubauer, P. Wanner et F. Zannol avec le soutien financier de la Commission f\u00e9d\u00e9rale des \u00e9trangers et de la Commission f\u00e9d\u00e9rale des r\u00e9fugi\u00e9s. Cette \u00e9tude analyse la situation des personnes admises \u00e0 titre provisoire d\u2019abord en g\u00e9n\u00e9ral, puis en prenant l\u2019exemple concret de trois cantons. Elle montre ainsi que les restrictions auxquelles ces personnes sont soumises entra\u00eenent une s\u00e9rie de pr\u00e9judices involontaires mais accept\u00e9s jusqu\u2019\u00e0 pr\u00e9sent. A plus long terme, ceux-ci ont pour cons\u00e9quence une profonde exclusion de la soci\u00e9t\u00e9 et rendent impossible toute vie familiale normale.<br>Le second est l\u2019expertise juridique \u00e9tablie par Regina Kiener et Andreas Rieder, des universit\u00e9s de Berne et Fribourg; celle-ci parvient \u00e0 la conclusion qu\u2019un groupe d\u00e9fini par son statut en mati\u00e8re de s\u00e9jour ne fait pas partie des groupes prot\u00e9g\u00e9s par l\u2019interdiction de discrimination (art. 8 al. 2 Cst.). Les restrictions relevant des droits fondamentaux auxquelles les personnes disposant du permis F sont soumises dans les domaines de la vie familiale, du travail, de l\u2019aide sociale et de l\u2019int\u00e9gration peuvent \u00eatre justifi\u00e9es en cas de s\u00e9jour de courte dur\u00e9e. Mais si elles s\u2019appliquent pendant une longue dur\u00e9e, elles peuvent porter atteinte \u00e0 la dignit\u00e9 humaine garantie par l\u2019article 7 de la Constitution f\u00e9d\u00e9rale. Or aux termes de l\u2019art. 35 Cst., les autorit\u00e9s sont tenues de r\u00e9aliser les droits fondamentaux \u00e0 tous les niveaux.<\/p>\n<\/blockquote>\n","protected":false},"excerpt":{"rendered":"<p>Author(s): Regina Kiener, Andreas Rieder, Val\u00e9rie Gysi, Katja Egger, Mathias&#8230;<\/p>\n","protected":false},"author":3,"featured_media":0,"comment_status":"open","ping_status":"open","sticky":false,"template":"","format":"standard","meta":{"_kadence_starter_templates_imported_post":false,"_kad_post_transparent":"","_kad_post_title":"","_kad_post_layout":"","_kad_post_sidebar_id":"","_kad_post_content_style":"","_kad_post_vertical_padding":"","_kad_post_feature":"","_kad_post_feature_position":"","_kad_post_header":false,"_kad_post_footer":false,"_kad_post_classname":"","jetpack_post_was_ever_published":false,"_jetpack_newsletter_access":"","_jetpack_dont_email_post_to_subs":true,"_jetpack_newsletter_tier_id":0,"_jetpack_memberships_contains_paywalled_content":false,"_jetpack_memberships_contains_paid_content":false,"footnotes":""},"categories":[12],"tags":[481,111,49,50,79,82,164,52,128,104,667,249,166,91,402],"class_list":["post-38514","post","type-post","status-publish","format-standard","hentry","category-politics","tag-481","tag-asylum-applications","tag-asylum-policy","tag-asylum-seekers","tag-equal-opportunities","tag-ethnic-discrimination","tag-exclusion","tag-french-language","tag-human-rights","tag-living-conditions","tag-prejudice","tag-report","tag-residence-permits","tag-social-integration","tag-temporary-admission"],"jetpack_featured_media_url":"","jetpack_sharing_enabled":true,"_links":{"self":[{"href":"https:\/\/swissmig.unine.ch\/index.php?rest_route=\/wp\/v2\/posts\/38514","targetHints":{"allow":["GET"]}}],"collection":[{"href":"https:\/\/swissmig.unine.ch\/index.php?rest_route=\/wp\/v2\/posts"}],"about":[{"href":"https:\/\/swissmig.unine.ch\/index.php?rest_route=\/wp\/v2\/types\/post"}],"author":[{"embeddable":true,"href":"https:\/\/swissmig.unine.ch\/index.php?rest_route=\/wp\/v2\/users\/3"}],"replies":[{"embeddable":true,"href":"https:\/\/swissmig.unine.ch\/index.php?rest_route=%2Fwp%2Fv2%2Fcomments&post=38514"}],"version-history":[{"count":1,"href":"https:\/\/swissmig.unine.ch\/index.php?rest_route=\/wp\/v2\/posts\/38514\/revisions"}],"predecessor-version":[{"id":38515,"href":"https:\/\/swissmig.unine.ch\/index.php?rest_route=\/wp\/v2\/posts\/38514\/revisions\/38515"}],"wp:attachment":[{"href":"https:\/\/swissmig.unine.ch\/index.php?rest_route=%2Fwp%2Fv2%2Fmedia&parent=38514"}],"wp:term":[{"taxonomy":"category","embeddable":true,"href":"https:\/\/swissmig.unine.ch\/index.php?rest_route=%2Fwp%2Fv2%2Fcategories&post=38514"},{"taxonomy":"post_tag","embeddable":true,"href":"https:\/\/swissmig.unine.ch\/index.php?rest_route=%2Fwp%2Fv2%2Ftags&post=38514"}],"curies":[{"name":"wp","href":"https:\/\/api.w.org\/{rel}","templated":true}]}}