{"id":38512,"date":"2026-01-14T12:15:45","date_gmt":"2026-01-14T11:15:45","guid":{"rendered":"https:\/\/swissmig.unine.ch\/?p=38512"},"modified":"2026-01-12T12:36:04","modified_gmt":"2026-01-12T11:36:04","slug":"die-fluchtlingsrechtliche-situation-asylsuchender-roma-und-aschkali-in-der-schweiz-gutachten-zuhanden-des-forums-gegen-rassismus","status":"publish","type":"post","link":"https:\/\/swissmig.unine.ch\/?p=38512","title":{"rendered":"Die fl\u00fcchtlingsrechtliche Situation asylsuchender Roma und Aschkali in der Schweiz: Gutachten zuhanden des Forums gegen Rassismus"},"content":{"rendered":"\n<div class=\"wp-block-group\"><div class=\"wp-block-group__inner-container is-layout-constrained wp-block-group-is-layout-constrained\">\n<div class=\"wp-block-group is-vertical is-layout-flex wp-container-core-group-is-layout-8cf370e7 wp-block-group-is-layout-flex\">\n<h3 class=\"wp-block-heading\">Author(s): Walter K\u00e4lin, Andreas Rieder, Judith Wyttenbach<\/h3>\n\n\n\n<h3 class=\"wp-block-heading\">Source: <a href=\"http:\/\/www.fluechtlingsrat.org\/download\/gut_ch.pdf\" target=\"_blank\" rel=\"noreferrer noopener\">http:\/\/www.fluechtlingsrat.org\/download\/gut_ch.pdf<\/a><\/h3>\n<\/div>\n<\/div><\/div>\n\n\n\n<!--more-->\n\n\n\n<p><strong>Abstract<\/strong><\/p>\n\n\n\n<blockquote class=\"wp-block-quote is-layout-flow wp-block-quote-is-layout-flow\">\n<p>Das Forum gegen Rassismus hat uns, auch im Namen der Roma Foundation und des Roma National Congress, beauftragt, \u201eein Gutachten \u00fcber die asylrechtliche und v\u00f6lkerrechtliche Situation der Roma-Asylsuchenden insbesondere aus dem Gebiet des ehemaligen Jugoslawien (inklusive Kosovo) \u2026 zu erstellen.\u201c <\/p>\n\n\n\n<p>Ausgangspunkt f\u00fcr die Bearbeitung dieses Auftrages war eine Serie von Asylentscheiden, die uns von verschiedenen Seiten zur Verf\u00fcgung gestellt wurden. Sie werden zuerst kurz dargestellt (Ziff. I). In einem zweiten Teil ist die Lage der Roma zu beschreiben, wie sie heute auf der Basis neuerer und neuster Berichte von intergouvernementalen internationalen Organisation und Organen bzw. internationalen nichtstaatlichen Organisationen erkennbar ist (Ziff. II). Dies wird erlauben, die Entscheidpraxis des BFF und die &#8211; allerdings wenig zahlreichen &#8211; Urteile der ARK anschliessend im Lichte der tats\u00e4chlichen Verh\u00e4ltnisse zu beurteilen (Ziff. III). Daraus lassen sich schliesslich konkrete Schlussfolgerungen und Empfehlungen ableiten. <\/p>\n\n\n\n<p>Dieses Gutachten beruht nicht auf eigener Anschauung, sondern auf einer Auswertung vorhandener Berichte intergouvernementaler und nichtstaatlicher internationaler Organisationen. Die uns zug\u00e4ngliche Information bezieht sich schwergewichtig auf den Kosovo. Zu Bosnien konnten wir weit weniger aktuelles Material erschliessen, eine allgemeine Beurteilung ist aber m\u00f6glich. Unterlagen f\u00fcr die aktuelle Situation in anderen Teilen des fr\u00fcheren Jugoslawiens lagen uns nur punktuell vor. Der Schwerpunkt dieses Gutachtens liegt deshalb auf den Roma aus Kosovo und Bosnien-Herzegowina. Dabei verwenden wir den Begriff Roma in f\u00fcr den Kosovo nicht ganz korrekter Art als Oberbegriff, welcher verschiedene Gruppen abdeckt, darunter v.a. die wichtige Kategorie der albanischsprachigen Aschkali, die sich von den eigentlichen Roma klar abgrenzen, aber auch die sog. \u201e\u00c4gypter\u201c.<\/p>\n<\/blockquote>\n","protected":false},"excerpt":{"rendered":"<p>Author(s): Walter K\u00e4lin, Andreas Rieder, Judith Wyttenbach Source: http:\/\/www.fluechtlingsrat.org\/download\/gut_ch.pdf<\/p>\n","protected":false},"author":3,"featured_media":0,"comment_status":"open","ping_status":"open","sticky":false,"template":"","format":"standard","meta":{"_kadence_starter_templates_imported_post":false,"_kad_post_transparent":"","_kad_post_title":"","_kad_post_layout":"","_kad_post_sidebar_id":"","_kad_post_content_style":"","_kad_post_vertical_padding":"","_kad_post_feature":"","_kad_post_feature_position":"","_kad_post_header":false,"_kad_post_footer":false,"_kad_post_classname":"","jetpack_post_was_ever_published":false,"_jetpack_newsletter_access":"","_jetpack_dont_email_post_to_subs":true,"_jetpack_newsletter_tier_id":0,"_jetpack_memberships_contains_paywalled_content":false,"_jetpack_memberships_contains_paid_content":false,"footnotes":""},"categories":[53],"tags":[425,49,112,50,686,310,73,18,193,129,303,249,530,423],"class_list":["post-38512","post","type-post","status-publish","format-standard","hentry","category-law","tag-425","tag-asylum-policy","tag-asylum-procedure","tag-asylum-seekers","tag-bosnia-and-herzegovina","tag-decision-making","tag-german-language","tag-international-migration","tag-kosovo","tag-law","tag-legal-aspects","tag-report","tag-roma-and-sinti","tag-yugoslavia"],"jetpack_featured_media_url":"","jetpack_sharing_enabled":true,"_links":{"self":[{"href":"https:\/\/swissmig.unine.ch\/index.php?rest_route=\/wp\/v2\/posts\/38512","targetHints":{"allow":["GET"]}}],"collection":[{"href":"https:\/\/swissmig.unine.ch\/index.php?rest_route=\/wp\/v2\/posts"}],"about":[{"href":"https:\/\/swissmig.unine.ch\/index.php?rest_route=\/wp\/v2\/types\/post"}],"author":[{"embeddable":true,"href":"https:\/\/swissmig.unine.ch\/index.php?rest_route=\/wp\/v2\/users\/3"}],"replies":[{"embeddable":true,"href":"https:\/\/swissmig.unine.ch\/index.php?rest_route=%2Fwp%2Fv2%2Fcomments&post=38512"}],"version-history":[{"count":1,"href":"https:\/\/swissmig.unine.ch\/index.php?rest_route=\/wp\/v2\/posts\/38512\/revisions"}],"predecessor-version":[{"id":38513,"href":"https:\/\/swissmig.unine.ch\/index.php?rest_route=\/wp\/v2\/posts\/38512\/revisions\/38513"}],"wp:attachment":[{"href":"https:\/\/swissmig.unine.ch\/index.php?rest_route=%2Fwp%2Fv2%2Fmedia&parent=38512"}],"wp:term":[{"taxonomy":"category","embeddable":true,"href":"https:\/\/swissmig.unine.ch\/index.php?rest_route=%2Fwp%2Fv2%2Fcategories&post=38512"},{"taxonomy":"post_tag","embeddable":true,"href":"https:\/\/swissmig.unine.ch\/index.php?rest_route=%2Fwp%2Fv2%2Ftags&post=38512"}],"curies":[{"name":"wp","href":"https:\/\/api.w.org\/{rel}","templated":true}]}}